{"id":1664,"date":"2025-06-06T13:38:57","date_gmt":"2025-06-06T11:38:57","guid":{"rendered":"https:\/\/www.cjvt.si\/llm4dh\/?p=1664"},"modified":"2025-06-06T13:40:41","modified_gmt":"2025-06-06T11:40:41","slug":"dr-darinka-verdonik-v-oddaji-kiks-na-prvem-programu-radia-slovenija","status":"publish","type":"post","link":"https:\/\/www.cjvt.si\/llm4dh\/blog\/dr-darinka-verdonik-v-oddaji-kiks-na-prvem-programu-radia-slovenija\/","title":{"rendered":"Dr. Darinka Verdonik v oddaji KiKs na Prvem programu Radia Slovenija"},"content":{"rendered":"<div class=\"flex_column av_one_full  flex_column_div av-zero-column-padding first  avia-builder-el-0  el_before_av_one_full  avia-builder-el-first  \" style='border-radius:0px; '><section class=\"av_textblock_section \"  itemscope=\"itemscope\" itemtype=\"https:\/\/schema.org\/BlogPosting\" itemprop=\"blogPost\" ><div class='avia_textblock  '   itemprop=\"text\" ><h1><span style=\"font-weight: 400;\">Dr. Darinka Verdonik v oddaji KiKs na Prvem programu Radia Slovenija<\/span><\/h1>\n<\/div><\/section><\/div>\n<div class=\"flex_column av_one_full  flex_column_div av-zero-column-padding first  avia-builder-el-2  el_after_av_one_full  el_before_av_one_full  column-top-margin\" style='border-radius:0px; '><p><section class=\"av_textblock_section \"  itemscope=\"itemscope\" itemtype=\"https:\/\/schema.org\/BlogPosting\" itemprop=\"blogPost\" ><div class='avia_textblock  '   itemprop=\"text\" ><p><span style=\"font-weight: 400;\">Dr. Darinka Verdonik je v oddaji KiKs na Prvem programu Radia Slovenija predstavila portal <\/span><a href=\"https:\/\/govorjena-slovenscina.um.si\/\"><span style=\"font-weight: 400;\">Govorjena sloven\u0161\u010dina<\/span><\/a><span style=\"font-weight: 400;\">.<\/span><\/p>\n<\/div><\/section><br \/>\n<section class=\"av_textblock_section \"  itemscope=\"itemscope\" itemtype=\"https:\/\/schema.org\/BlogPosting\" itemprop=\"blogPost\" ><div class='avia_textblock  '   itemprop=\"text\" ><p><span style=\"font-weight: 400;\">Namen portala je zbiranje avdioposnetkov vsakdanje sloven\u0161\u010dine.Ti bodo uporabljeni za raziskave govorjenega jezika in razvoj jezikovnih tehnologij za sloven\u0161\u010dino.\u00a0<\/span><\/p>\n<\/div><\/section><\/p><\/div>\n<div class=\"flex_column av_one_full  flex_column_div av-zero-column-padding first  avia-builder-el-5  el_after_av_one_full  el_before_av_one_full  column-top-margin\" style='border-radius:0px; '><div  class='avia-image-container  av-styling-    avia-builder-el-6  avia-builder-el-no-sibling  avia-align-center '  itemprop=\"image\" itemscope=\"itemscope\" itemtype=\"https:\/\/schema.org\/ImageObject\"  ><div class='avia-image-container-inner'><div class='avia-image-overlay-wrap'><img class='avia_image' src='https:\/\/www.cjvt.si\/llm4dh\/wp-content\/uploads\/sites\/32\/2025\/06\/LLM4DH-web-cover-03.png' alt='' title='LLM4DH web cover 03' height=\"1260\" width=\"2240\"  itemprop=\"thumbnailUrl\"  \/><\/div><\/div><\/div><\/div>\n<div class=\"flex_column av_one_full  flex_column_div av-zero-column-padding first  avia-builder-el-7  el_after_av_one_full  el_before_av_one_third  column-top-margin\" style='border-radius:0px; '><section class=\"av_textblock_section \"  itemscope=\"itemscope\" itemtype=\"https:\/\/schema.org\/BlogPosting\" itemprop=\"blogPost\" ><div class='avia_textblock  '   itemprop=\"text\" ><p><strong><i>Tehnologija vse bolj vpliva na na\u0161 jezik, zato je klju\u010dnega pomena, da imamo na voljo posnetke slovenskega govora. \u010ce teh virov ne bomo zbrali, tehnologije ne bodo mogle dobro podpirati slovenskega jezika. Posledi\u010dno bomo prisiljeni uporabljati storitve in tehnologije v angle\u0161\u010dini, kar lahko povzro\u010di spremembe v jeziku, ki si jih morda ne \u017eelimo. <\/i><\/strong><\/p>\n<p style=\"text-align: right;\"><strong><i>&#8211; Dr. Darinka Verdonik<\/i><\/strong><\/p>\n<\/div><\/section><\/div><div class=\"flex_column av_one_third  flex_column_div av-zero-column-padding first  avia-builder-el-9  el_after_av_one_full  el_before_av_one_third  column-top-margin\" style='border-radius:0px; '><\/div><\/p>\n<div class=\"flex_column av_one_third  flex_column_div av-zero-column-padding   avia-builder-el-10  el_after_av_one_third  el_before_av_one_third  column-top-margin\" style='border-radius:0px; '><section class=\"av_textblock_section \"  itemscope=\"itemscope\" itemtype=\"https:\/\/schema.org\/BlogPosting\" itemprop=\"blogPost\" ><div class='avia_textblock  '   itemprop=\"text\" ><p>Prisluhnite oddaji in prispevajte posnetke tudi sami!<\/p>\n<\/div><\/section><\/div>\n<div class=\"flex_column av_one_third  flex_column_div av-zero-column-padding   avia-builder-el-12  el_after_av_one_third  el_before_av_one_half  column-top-margin\" style='border-radius:0px; '><\/div>\n<div class=\"flex_column av_one_half  flex_column_div av-zero-column-padding first  avia-builder-el-13  el_after_av_one_third  el_before_av_one_half  column-top-margin\" style='border-radius:0px; '><div  class='avia-button-wrap avia-button-center  avia-builder-el-14  avia-builder-el-no-sibling ' ><a href='https:\/\/prvi.rtvslo.si\/podkast\/kiks\/173251106\/175131985'  class='avia-button   avia-icon_select-no avia-color-theme-color avia-size-small avia-position-center '   ><span class='avia_iconbox_title' >ODDAJA KiKs<\/span><\/a><\/div><\/div>\n<div class=\"flex_column av_one_half  flex_column_div av-zero-column-padding   avia-builder-el-15  el_after_av_one_half  avia-builder-el-last  column-top-margin\" style='border-radius:0px; '><div  class='avia-button-wrap avia-button-center  avia-builder-el-16  avia-builder-el-no-sibling ' ><a href='https:\/\/govorjena-slovenscina.um.si\/'  class='avia-button   avia-icon_select-no avia-color-theme-color avia-size-small avia-position-center '   ><span class='avia_iconbox_title' >KAKO PRISPEVATI POSNETKE<\/span><\/a><\/div><\/div>\n","protected":false},"excerpt":{"rendered":"<p>Dr. Darinka Verdonik je v oddaji KiKs na Prvem programu Radia Slovenija predstavila portal Govorjena sloven\u0161\u010dina.<\/p>\n","protected":false},"author":19,"featured_media":1638,"comment_status":"closed","ping_status":"closed","sticky":false,"template":"","format":"standard","meta":{"_acf_changed":false,"_relevanssi_hide_post":"","_relevanssi_hide_content":"","_relevanssi_pin_for_all":"","_relevanssi_pin_keywords":"","_relevanssi_unpin_keywords":"","_relevanssi_related_keywords":"","_relevanssi_related_include_ids":"","_relevanssi_related_exclude_ids":"","_relevanssi_related_no_append":"","_relevanssi_related_not_related":"","_relevanssi_related_posts":"","_relevanssi_noindex_reason":"","inline_featured_image":false,"episode_type":"","audio_file":"","podmotor_file_id":"","podmotor_episode_id":"","cover_image":"","cover_image_id":"","duration":"","filesize":"","filesize_raw":"","date_recorded":"","explicit":"","block":"","itunes_episode_number":"","itunes_title":"","itunes_season_number":"","itunes_episode_type":"","footnotes":""},"categories":[82],"tags":[97,96,98,95],"class_list":["post-1664","post","type-post","status-publish","format-standard","has-post-thumbnail","hentry","category-novice","tag-darinka-verdonik","tag-govorjena-slovenscina","tag-kiks","tag-um"],"acf":[],"yoast_head":"<!-- This site is optimized with the Yoast SEO plugin v27.3 - https:\/\/yoast.com\/product\/yoast-seo-wordpress\/ -->\n<title>Dr. Darinka Verdonik v oddaji KiKs na Prvem programu Radia Slovenija - LLM4DH<\/title>\n<meta name=\"description\" content=\"Dr. Darinka Verdonik je v oddaji KiKs na Prvem programu Radia Slovenija predstavila portal Govorjena sloven\u0161\u010dina.\" \/>\n<meta name=\"robots\" content=\"index, follow, max-snippet:-1, max-image-preview:large, max-video-preview:-1\" \/>\n<link rel=\"canonical\" href=\"https:\/\/www.cjvt.si\/llm4dh\/blog\/dr-darinka-verdonik-v-oddaji-kiks-na-prvem-programu-radia-slovenija\/\" \/>\n<meta property=\"og:locale\" content=\"sl_SI\" \/>\n<meta property=\"og:type\" content=\"article\" \/>\n<meta property=\"og:title\" content=\"Dr. Darinka Verdonik v oddaji KiKs na Prvem programu Radia Slovenija - LLM4DH\" \/>\n<meta property=\"og:description\" content=\"Dr. Darinka Verdonik je v oddaji KiKs na Prvem programu Radia Slovenija predstavila portal Govorjena sloven\u0161\u010dina.\" \/>\n<meta property=\"og:url\" content=\"https:\/\/www.cjvt.si\/llm4dh\/blog\/dr-darinka-verdonik-v-oddaji-kiks-na-prvem-programu-radia-slovenija\/\" \/>\n<meta property=\"og:site_name\" content=\"LLM4DH\" \/>\n<meta property=\"article:published_time\" content=\"2025-06-06T11:38:57+00:00\" \/>\n<meta property=\"article:modified_time\" content=\"2025-06-06T11:40:41+00:00\" \/>\n<meta property=\"og:image\" content=\"https:\/\/www.cjvt.si\/llm4dh\/wp-content\/uploads\/sites\/32\/2025\/06\/LLM4DH-web-cover-03.png\" \/>\n\t<meta property=\"og:image:width\" content=\"2240\" \/>\n\t<meta property=\"og:image:height\" content=\"1260\" \/>\n\t<meta property=\"og:image:type\" content=\"image\/png\" \/>\n<meta name=\"author\" content=\"saras\" \/>\n<meta name=\"twitter:card\" content=\"summary_large_image\" \/>\n<meta name=\"twitter:label1\" content=\"Written by\" \/>\n\t<meta name=\"twitter:data1\" content=\"saras\" \/>\n\t<meta name=\"twitter:label2\" content=\"Est. reading time\" \/>\n\t<meta name=\"twitter:data2\" content=\"4 minute\" \/>\n<script type=\"application\/ld+json\" class=\"yoast-schema-graph\">{\"@context\":\"https:\\\/\\\/schema.org\",\"@graph\":[{\"@type\":\"Article\",\"@id\":\"https:\\\/\\\/www.cjvt.si\\\/llm4dh\\\/blog\\\/dr-darinka-verdonik-v-oddaji-kiks-na-prvem-programu-radia-slovenija\\\/#article\",\"isPartOf\":{\"@id\":\"https:\\\/\\\/www.cjvt.si\\\/llm4dh\\\/blog\\\/dr-darinka-verdonik-v-oddaji-kiks-na-prvem-programu-radia-slovenija\\\/\"},\"author\":{\"name\":\"saras\",\"@id\":\"https:\\\/\\\/www.cjvt.si\\\/llm4dh\\\/#\\\/schema\\\/person\\\/4d451cdaaa7aa1b00f756029e4b54aa7\"},\"headline\":\"Dr. Darinka Verdonik v oddaji KiKs na Prvem programu Radia Slovenija\",\"datePublished\":\"2025-06-06T11:38:57+00:00\",\"dateModified\":\"2025-06-06T11:40:41+00:00\",\"mainEntityOfPage\":{\"@id\":\"https:\\\/\\\/www.cjvt.si\\\/llm4dh\\\/blog\\\/dr-darinka-verdonik-v-oddaji-kiks-na-prvem-programu-radia-slovenija\\\/\"},\"wordCount\":1161,\"image\":{\"@id\":\"https:\\\/\\\/www.cjvt.si\\\/llm4dh\\\/blog\\\/dr-darinka-verdonik-v-oddaji-kiks-na-prvem-programu-radia-slovenija\\\/#primaryimage\"},\"thumbnailUrl\":\"https:\\\/\\\/www.cjvt.si\\\/llm4dh\\\/wp-content\\\/uploads\\\/sites\\\/32\\\/2025\\\/06\\\/LLM4DH-web-cover-03.png\",\"keywords\":[\"darinka verdonik\",\"govorjena slovenscina\",\"kiks\",\"um\"],\"articleSection\":[\"Novice\"],\"inLanguage\":\"sl-SI\"},{\"@type\":\"WebPage\",\"@id\":\"https:\\\/\\\/www.cjvt.si\\\/llm4dh\\\/blog\\\/dr-darinka-verdonik-v-oddaji-kiks-na-prvem-programu-radia-slovenija\\\/\",\"url\":\"https:\\\/\\\/www.cjvt.si\\\/llm4dh\\\/blog\\\/dr-darinka-verdonik-v-oddaji-kiks-na-prvem-programu-radia-slovenija\\\/\",\"name\":\"Dr. Darinka Verdonik v oddaji KiKs na Prvem programu Radia Slovenija - LLM4DH\",\"isPartOf\":{\"@id\":\"https:\\\/\\\/www.cjvt.si\\\/llm4dh\\\/#website\"},\"primaryImageOfPage\":{\"@id\":\"https:\\\/\\\/www.cjvt.si\\\/llm4dh\\\/blog\\\/dr-darinka-verdonik-v-oddaji-kiks-na-prvem-programu-radia-slovenija\\\/#primaryimage\"},\"image\":{\"@id\":\"https:\\\/\\\/www.cjvt.si\\\/llm4dh\\\/blog\\\/dr-darinka-verdonik-v-oddaji-kiks-na-prvem-programu-radia-slovenija\\\/#primaryimage\"},\"thumbnailUrl\":\"https:\\\/\\\/www.cjvt.si\\\/llm4dh\\\/wp-content\\\/uploads\\\/sites\\\/32\\\/2025\\\/06\\\/LLM4DH-web-cover-03.png\",\"datePublished\":\"2025-06-06T11:38:57+00:00\",\"dateModified\":\"2025-06-06T11:40:41+00:00\",\"author\":{\"@id\":\"https:\\\/\\\/www.cjvt.si\\\/llm4dh\\\/#\\\/schema\\\/person\\\/4d451cdaaa7aa1b00f756029e4b54aa7\"},\"description\":\"Dr. Darinka Verdonik je v oddaji KiKs na Prvem programu Radia Slovenija predstavila portal Govorjena sloven\u0161\u010dina.\",\"breadcrumb\":{\"@id\":\"https:\\\/\\\/www.cjvt.si\\\/llm4dh\\\/blog\\\/dr-darinka-verdonik-v-oddaji-kiks-na-prvem-programu-radia-slovenija\\\/#breadcrumb\"},\"inLanguage\":\"sl-SI\",\"potentialAction\":[{\"@type\":\"ReadAction\",\"target\":[\"https:\\\/\\\/www.cjvt.si\\\/llm4dh\\\/blog\\\/dr-darinka-verdonik-v-oddaji-kiks-na-prvem-programu-radia-slovenija\\\/\"]}]},{\"@type\":\"ImageObject\",\"inLanguage\":\"sl-SI\",\"@id\":\"https:\\\/\\\/www.cjvt.si\\\/llm4dh\\\/blog\\\/dr-darinka-verdonik-v-oddaji-kiks-na-prvem-programu-radia-slovenija\\\/#primaryimage\",\"url\":\"https:\\\/\\\/www.cjvt.si\\\/llm4dh\\\/wp-content\\\/uploads\\\/sites\\\/32\\\/2025\\\/06\\\/LLM4DH-web-cover-03.png\",\"contentUrl\":\"https:\\\/\\\/www.cjvt.si\\\/llm4dh\\\/wp-content\\\/uploads\\\/sites\\\/32\\\/2025\\\/06\\\/LLM4DH-web-cover-03.png\",\"width\":2240,\"height\":1260},{\"@type\":\"BreadcrumbList\",\"@id\":\"https:\\\/\\\/www.cjvt.si\\\/llm4dh\\\/blog\\\/dr-darinka-verdonik-v-oddaji-kiks-na-prvem-programu-radia-slovenija\\\/#breadcrumb\",\"itemListElement\":[{\"@type\":\"ListItem\",\"position\":1,\"name\":\"Home\",\"item\":\"https:\\\/\\\/www.cjvt.si\\\/llm4dh\\\/\"},{\"@type\":\"ListItem\",\"position\":2,\"name\":\"Dr. Darinka Verdonik v oddaji KiKs na Prvem programu Radia Slovenija\"}]},{\"@type\":\"WebSite\",\"@id\":\"https:\\\/\\\/www.cjvt.si\\\/llm4dh\\\/#website\",\"url\":\"https:\\\/\\\/www.cjvt.si\\\/llm4dh\\\/\",\"name\":\"LLM4DH\",\"description\":\"Work site\",\"potentialAction\":[{\"@type\":\"SearchAction\",\"target\":{\"@type\":\"EntryPoint\",\"urlTemplate\":\"https:\\\/\\\/www.cjvt.si\\\/llm4dh\\\/?s={search_term_string}\"},\"query-input\":{\"@type\":\"PropertyValueSpecification\",\"valueRequired\":true,\"valueName\":\"search_term_string\"}}],\"inLanguage\":\"sl-SI\"},{\"@type\":\"Person\",\"@id\":\"https:\\\/\\\/www.cjvt.si\\\/llm4dh\\\/#\\\/schema\\\/person\\\/4d451cdaaa7aa1b00f756029e4b54aa7\",\"name\":\"saras\",\"url\":\"https:\\\/\\\/www.cjvt.si\\\/llm4dh\\\/blog\\\/author\\\/saras\\\/\"}]}<\/script>\n<!-- \/ Yoast SEO plugin. -->","yoast_head_json":{"title":"Dr. Darinka Verdonik v oddaji KiKs na Prvem programu Radia Slovenija - LLM4DH","description":"Dr. Darinka Verdonik je v oddaji KiKs na Prvem programu Radia Slovenija predstavila portal Govorjena sloven\u0161\u010dina.","robots":{"index":"index","follow":"follow","max-snippet":"max-snippet:-1","max-image-preview":"max-image-preview:large","max-video-preview":"max-video-preview:-1"},"canonical":"https:\/\/www.cjvt.si\/llm4dh\/blog\/dr-darinka-verdonik-v-oddaji-kiks-na-prvem-programu-radia-slovenija\/","og_locale":"sl_SI","og_type":"article","og_title":"Dr. Darinka Verdonik v oddaji KiKs na Prvem programu Radia Slovenija - LLM4DH","og_description":"Dr. Darinka Verdonik je v oddaji KiKs na Prvem programu Radia Slovenija predstavila portal Govorjena sloven\u0161\u010dina.","og_url":"https:\/\/www.cjvt.si\/llm4dh\/blog\/dr-darinka-verdonik-v-oddaji-kiks-na-prvem-programu-radia-slovenija\/","og_site_name":"LLM4DH","article_published_time":"2025-06-06T11:38:57+00:00","article_modified_time":"2025-06-06T11:40:41+00:00","og_image":[{"width":2240,"height":1260,"url":"https:\/\/www.cjvt.si\/llm4dh\/wp-content\/uploads\/sites\/32\/2025\/06\/LLM4DH-web-cover-03.png","type":"image\/png"}],"author":"saras","twitter_card":"summary_large_image","twitter_misc":{"Written by":"saras","Est. reading time":"4 minute"},"schema":{"@context":"https:\/\/schema.org","@graph":[{"@type":"Article","@id":"https:\/\/www.cjvt.si\/llm4dh\/blog\/dr-darinka-verdonik-v-oddaji-kiks-na-prvem-programu-radia-slovenija\/#article","isPartOf":{"@id":"https:\/\/www.cjvt.si\/llm4dh\/blog\/dr-darinka-verdonik-v-oddaji-kiks-na-prvem-programu-radia-slovenija\/"},"author":{"name":"saras","@id":"https:\/\/www.cjvt.si\/llm4dh\/#\/schema\/person\/4d451cdaaa7aa1b00f756029e4b54aa7"},"headline":"Dr. Darinka Verdonik v oddaji KiKs na Prvem programu Radia Slovenija","datePublished":"2025-06-06T11:38:57+00:00","dateModified":"2025-06-06T11:40:41+00:00","mainEntityOfPage":{"@id":"https:\/\/www.cjvt.si\/llm4dh\/blog\/dr-darinka-verdonik-v-oddaji-kiks-na-prvem-programu-radia-slovenija\/"},"wordCount":1161,"image":{"@id":"https:\/\/www.cjvt.si\/llm4dh\/blog\/dr-darinka-verdonik-v-oddaji-kiks-na-prvem-programu-radia-slovenija\/#primaryimage"},"thumbnailUrl":"https:\/\/www.cjvt.si\/llm4dh\/wp-content\/uploads\/sites\/32\/2025\/06\/LLM4DH-web-cover-03.png","keywords":["darinka verdonik","govorjena slovenscina","kiks","um"],"articleSection":["Novice"],"inLanguage":"sl-SI"},{"@type":"WebPage","@id":"https:\/\/www.cjvt.si\/llm4dh\/blog\/dr-darinka-verdonik-v-oddaji-kiks-na-prvem-programu-radia-slovenija\/","url":"https:\/\/www.cjvt.si\/llm4dh\/blog\/dr-darinka-verdonik-v-oddaji-kiks-na-prvem-programu-radia-slovenija\/","name":"Dr. Darinka Verdonik v oddaji KiKs na Prvem programu Radia Slovenija - LLM4DH","isPartOf":{"@id":"https:\/\/www.cjvt.si\/llm4dh\/#website"},"primaryImageOfPage":{"@id":"https:\/\/www.cjvt.si\/llm4dh\/blog\/dr-darinka-verdonik-v-oddaji-kiks-na-prvem-programu-radia-slovenija\/#primaryimage"},"image":{"@id":"https:\/\/www.cjvt.si\/llm4dh\/blog\/dr-darinka-verdonik-v-oddaji-kiks-na-prvem-programu-radia-slovenija\/#primaryimage"},"thumbnailUrl":"https:\/\/www.cjvt.si\/llm4dh\/wp-content\/uploads\/sites\/32\/2025\/06\/LLM4DH-web-cover-03.png","datePublished":"2025-06-06T11:38:57+00:00","dateModified":"2025-06-06T11:40:41+00:00","author":{"@id":"https:\/\/www.cjvt.si\/llm4dh\/#\/schema\/person\/4d451cdaaa7aa1b00f756029e4b54aa7"},"description":"Dr. Darinka Verdonik je v oddaji KiKs na Prvem programu Radia Slovenija predstavila portal Govorjena sloven\u0161\u010dina.","breadcrumb":{"@id":"https:\/\/www.cjvt.si\/llm4dh\/blog\/dr-darinka-verdonik-v-oddaji-kiks-na-prvem-programu-radia-slovenija\/#breadcrumb"},"inLanguage":"sl-SI","potentialAction":[{"@type":"ReadAction","target":["https:\/\/www.cjvt.si\/llm4dh\/blog\/dr-darinka-verdonik-v-oddaji-kiks-na-prvem-programu-radia-slovenija\/"]}]},{"@type":"ImageObject","inLanguage":"sl-SI","@id":"https:\/\/www.cjvt.si\/llm4dh\/blog\/dr-darinka-verdonik-v-oddaji-kiks-na-prvem-programu-radia-slovenija\/#primaryimage","url":"https:\/\/www.cjvt.si\/llm4dh\/wp-content\/uploads\/sites\/32\/2025\/06\/LLM4DH-web-cover-03.png","contentUrl":"https:\/\/www.cjvt.si\/llm4dh\/wp-content\/uploads\/sites\/32\/2025\/06\/LLM4DH-web-cover-03.png","width":2240,"height":1260},{"@type":"BreadcrumbList","@id":"https:\/\/www.cjvt.si\/llm4dh\/blog\/dr-darinka-verdonik-v-oddaji-kiks-na-prvem-programu-radia-slovenija\/#breadcrumb","itemListElement":[{"@type":"ListItem","position":1,"name":"Home","item":"https:\/\/www.cjvt.si\/llm4dh\/"},{"@type":"ListItem","position":2,"name":"Dr. Darinka Verdonik v oddaji KiKs na Prvem programu Radia Slovenija"}]},{"@type":"WebSite","@id":"https:\/\/www.cjvt.si\/llm4dh\/#website","url":"https:\/\/www.cjvt.si\/llm4dh\/","name":"LLM4DH","description":"Work site","potentialAction":[{"@type":"SearchAction","target":{"@type":"EntryPoint","urlTemplate":"https:\/\/www.cjvt.si\/llm4dh\/?s={search_term_string}"},"query-input":{"@type":"PropertyValueSpecification","valueRequired":true,"valueName":"search_term_string"}}],"inLanguage":"sl-SI"},{"@type":"Person","@id":"https:\/\/www.cjvt.si\/llm4dh\/#\/schema\/person\/4d451cdaaa7aa1b00f756029e4b54aa7","name":"saras","url":"https:\/\/www.cjvt.si\/llm4dh\/blog\/author\/saras\/"}]}},"_links":{"self":[{"href":"https:\/\/www.cjvt.si\/llm4dh\/wp-json\/wp\/v2\/posts\/1664","targetHints":{"allow":["GET"]}}],"collection":[{"href":"https:\/\/www.cjvt.si\/llm4dh\/wp-json\/wp\/v2\/posts"}],"about":[{"href":"https:\/\/www.cjvt.si\/llm4dh\/wp-json\/wp\/v2\/types\/post"}],"author":[{"embeddable":true,"href":"https:\/\/www.cjvt.si\/llm4dh\/wp-json\/wp\/v2\/users\/19"}],"replies":[{"embeddable":true,"href":"https:\/\/www.cjvt.si\/llm4dh\/wp-json\/wp\/v2\/comments?post=1664"}],"version-history":[{"count":4,"href":"https:\/\/www.cjvt.si\/llm4dh\/wp-json\/wp\/v2\/posts\/1664\/revisions"}],"predecessor-version":[{"id":1666,"href":"https:\/\/www.cjvt.si\/llm4dh\/wp-json\/wp\/v2\/posts\/1664\/revisions\/1666"}],"wp:featuredmedia":[{"embeddable":true,"href":"https:\/\/www.cjvt.si\/llm4dh\/wp-json\/wp\/v2\/media\/1638"}],"wp:attachment":[{"href":"https:\/\/www.cjvt.si\/llm4dh\/wp-json\/wp\/v2\/media?parent=1664"}],"wp:term":[{"taxonomy":"category","embeddable":true,"href":"https:\/\/www.cjvt.si\/llm4dh\/wp-json\/wp\/v2\/categories?post=1664"},{"taxonomy":"post_tag","embeddable":true,"href":"https:\/\/www.cjvt.si\/llm4dh\/wp-json\/wp\/v2\/tags?post=1664"}],"curies":[{"name":"wp","href":"https:\/\/api.w.org\/{rel}","templated":true}]}}