{"id":1758,"date":"2025-09-04T10:22:02","date_gmt":"2025-09-04T08:22:02","guid":{"rendered":"https:\/\/www.cjvt.si\/llm4dh\/?p=1758"},"modified":"2025-09-04T11:01:16","modified_gmt":"2025-09-04T09:01:16","slug":"nove-poljudne-vsebine-na-portalu-govorjena-slovenscina","status":"publish","type":"post","link":"https:\/\/www.cjvt.si\/llm4dh\/blog\/nove-poljudne-vsebine-na-portalu-govorjena-slovenscina\/","title":{"rendered":"Nove poljudne vsebine na portalu Govorjena sloven\u0161\u010dina"},"content":{"rendered":"<div class=\"flex_column av_one_full  flex_column_div av-zero-column-padding first  avia-builder-el-0  el_before_av_one_full  avia-builder-el-first  \" style='border-radius:0px; '><section class=\"av_textblock_section \"  itemscope=\"itemscope\" itemtype=\"https:\/\/schema.org\/BlogPosting\" itemprop=\"blogPost\" ><div class='avia_textblock  '   itemprop=\"text\" ><h1><b>Nove poljudne vsebine na portalu Govorjena sloven\u0161\u010dina<\/b><\/h1>\n<\/div><\/section><\/div><div class=\"flex_column av_one_full  flex_column_div av-zero-column-padding first  avia-builder-el-2  el_after_av_one_full  el_before_av_one_full  column-top-margin\" style='border-radius:0px; '><section class=\"av_textblock_section \"  itemscope=\"itemscope\" itemtype=\"https:\/\/schema.org\/BlogPosting\" itemprop=\"blogPost\" ><div class='avia_textblock  '   itemprop=\"text\" ><h3><span style=\"font-weight: 400;\">Na portalu Govorjena sloven\u0161\u010dina so objavljene nove poljudne vsebine o snemanju, zapisovanju in enotah govora ter o diskurznih ozna\u010devalcih.\u00a0\u00a0<\/span><\/h3>\n<\/div><\/section><\/div><div class=\"flex_column av_one_full  flex_column_div av-zero-column-padding first  avia-builder-el-4  el_after_av_one_full  el_before_av_one_full  column-top-margin\" style='border-radius:0px; '><section class=\"av_textblock_section \"  itemscope=\"itemscope\" itemtype=\"https:\/\/schema.org\/BlogPosting\" itemprop=\"blogPost\" ><div class='avia_textblock  '   itemprop=\"text\" ><h3>Snemanje govora<\/h3>\n<\/div><\/section><br \/>\n<section class=\"av_textblock_section \"  itemscope=\"itemscope\" itemtype=\"https:\/\/schema.org\/BlogPosting\" itemprop=\"blogPost\" ><div class='avia_textblock  '   itemprop=\"text\" ><p><span style=\"font-weight: 400;\">Da lahko govor raziskujemo, potrebujemo veliko koli\u010dino avtenti\u010dnih posnetkov govora. V arhivih na internetu, pri televizijskih in radijskih hi\u0161ah ter v dr\u017eavnih parlamentih je takih posnetkov \u017ee zelo veliko. Toda to je ve\u010dinoma javni govor. Tudi \u010de ni formalen, je \u0161e vedno precej bolj enoli\u010den, kot je vsakdanja govorica ljudi iz razli\u010dnih regij Slovenije in zamejstva.<\/span><\/p>\n<p><span style=\"font-weight: 400;\">Prispevek je na <\/span><a href=\"https:\/\/govorjena-slovenscina.um.si\/znacilnosti-govora\/zakaj-govor\/snemanje-govora\/\"><span style=\"font-weight: 400;\">povezavi<\/span><\/a><span style=\"font-weight: 400;\">.\u00a0<\/span><\/p>\n<\/div><\/section><\/p><\/div><div class=\"flex_column av_one_full  flex_column_div av-zero-column-padding first  avia-builder-el-7  el_after_av_one_full  el_before_av_one_full  column-top-margin\" style='border-radius:0px; '><section class=\"av_textblock_section \"  itemscope=\"itemscope\" itemtype=\"https:\/\/schema.org\/BlogPosting\" itemprop=\"blogPost\" ><div class='avia_textblock  '   itemprop=\"text\" ><h3>Zapisovanje govora<\/h3>\n<\/div><\/section><br \/>\n<section class=\"av_textblock_section \"  itemscope=\"itemscope\" itemtype=\"https:\/\/schema.org\/BlogPosting\" itemprop=\"blogPost\" ><div class='avia_textblock  '   itemprop=\"text\" ><p><span style=\"font-weight: 400;\">Podatke iz govora na posnetkih lahko podrobno in u\u010dinkovito analiziramo \u0161ele, \u010de je govor tudi zapisan. To je \u010dasovno zamudna naloga, ki pa se na prvi pogled ne zdi preve\u010d strokovno zahtevna. V praksi pa se \u017ee po prvih stavkih sre\u010damo s primeri, ki odpirajo veliko vpra\u0161anj in zahtevajo dogovor o pravilih zapisovanja.<\/span><\/p>\n<p><span style=\"font-weight: 400;\">Prispevek je na <\/span><a href=\"https:\/\/govorjena-slovenscina.um.si\/znacilnosti-govora\/zapisovanje-govora\/\"><span style=\"font-weight: 400;\">povezavi<\/span><\/a><span style=\"font-weight: 400;\">. <\/span><\/p>\n<\/div><\/section><\/p><\/div><div class=\"flex_column av_one_full  flex_column_div av-zero-column-padding first  avia-builder-el-10  el_after_av_one_full  el_before_av_one_full  column-top-margin\" style='border-radius:0px; '><section class=\"av_textblock_section \"  itemscope=\"itemscope\" itemtype=\"https:\/\/schema.org\/BlogPosting\" itemprop=\"blogPost\" ><div class='avia_textblock  '   itemprop=\"text\" ><h3>Enote govora<\/h3>\n<\/div><\/section><br \/>\n<section class=\"av_textblock_section \"  itemscope=\"itemscope\" itemtype=\"https:\/\/schema.org\/BlogPosting\" itemprop=\"blogPost\" ><div class='avia_textblock  '   itemprop=\"text\" ><p><span style=\"font-weight: 400;\">Podobno kot je pisno besedilo razdeljeno na odstavke, povedi, stavke, \u017eelimo tudi govor razdeliti na enote, ki nam omogo\u010dajo spoznavati strukturo in strategije tvorjenja govorjenega besedila in govorjenja oziroma pogovarjanja. Na kak\u0161ne enote lahko razdelimo govor?<\/span><\/p>\n<p><span style=\"font-weight: 400;\">Prispevek je na <\/span><a href=\"https:\/\/govorjena-slovenscina.um.si\/znacilnosti-govora\/enote-govora\/\"><span style=\"font-weight: 400;\">povezavi<\/span><\/a><span style=\"font-weight: 400;\">.\u00a0<\/span><\/p>\n<\/div><\/section><\/p><\/div><div class=\"flex_column av_one_full  flex_column_div av-zero-column-padding first  avia-builder-el-13  el_after_av_one_full  el_before_av_one_full  column-top-margin\" style='border-radius:0px; '><section class=\"av_textblock_section \"  itemscope=\"itemscope\" itemtype=\"https:\/\/schema.org\/BlogPosting\" itemprop=\"blogPost\" ><div class='avia_textblock  '   itemprop=\"text\" ><h3>Kako teko\u010d je govor v resnici?<\/h3>\n<\/div><\/section><br \/>\n<section class=\"av_textblock_section \"  itemscope=\"itemscope\" itemtype=\"https:\/\/schema.org\/BlogPosting\" itemprop=\"blogPost\" ><div class='avia_textblock  '   itemprop=\"text\" ><p>Na\u0161a idealizirana predstava govora so teko\u010di, skladenjsko in pomensko popolni stavki brez prekinitev. Resni\u010dni govor pa je prepleten s premori, ponovitvami, popravki in oklevanji, ki so naravni del na\u0161ega izra\u017eanja. Ti drobni \u00bbnepopolni\u00ab trenutki dajejo govoru pristnost in razkrivajo, kako se misli oblikujejo sproti.<\/p>\n<p>Prispevek je na <a href=\"https:\/\/govorjena-slovenscina.um.si\/znacilnosti-govora\/kako-tekoc-je-govor-v-resnici\/\" target=\"_blank\" rel=\"noopener\">povezavi<\/a>.<\/p>\n<\/div><\/section><\/p><\/div><div class=\"flex_column av_one_full  flex_column_div av-zero-column-padding first  avia-builder-el-16  el_after_av_one_full  el_before_av_one_full  column-top-margin\" style='border-radius:0px; '><section class=\"av_textblock_section \"  itemscope=\"itemscope\" itemtype=\"https:\/\/schema.org\/BlogPosting\" itemprop=\"blogPost\" ><div class='avia_textblock  '   itemprop=\"text\" ><h3>Diskurzni ozna\u010devalci<\/h3>\n<\/div><\/section><br \/>\n<section class=\"av_textblock_section \"  itemscope=\"itemscope\" itemtype=\"https:\/\/schema.org\/BlogPosting\" itemprop=\"blogPost\" ><div class='avia_textblock  '   itemprop=\"text\" ><p>Ko govorimo, se nam v stavke vedno znova vrivajo drobne besedice, kot so no, ja, mislim, pa\u010d, v bistvu. Pogosto se jih sploh ne zavedamo, a brez njih bi bil pogovor precej okoren in manj naraven. Gre za tako imenovane diskurzne ozna\u010devalce \u2013 majhne besede, izpraznjene svojega pomena, ki pa imajo veliko nalogo: poskrbijo, da govor gladko te\u010de, in povezujejo sogovornike.<\/p>\n<p><span style=\"font-weight: 400;\">Prispevek je na <\/span><a href=\"https:\/\/govorjena-slovenscina.um.si\/znacilnosti-govora\/diskurzni-oznacevalci\/\"><span style=\"font-weight: 400;\">povezavi<\/span><\/a><span style=\"font-weight: 400;\">.\u00a0<\/span><\/p>\n<\/div><\/section><\/p><\/div><div class=\"flex_column av_one_full  flex_column_div av-zero-column-padding first  avia-builder-el-19  el_after_av_one_full  avia-builder-el-last  column-top-margin\" style='border-radius:0px; '><section class=\"av_textblock_section \"  itemscope=\"itemscope\" itemtype=\"https:\/\/schema.org\/BlogPosting\" itemprop=\"blogPost\" ><div class='avia_textblock  '   itemprop=\"text\" ><h4><span style=\"font-weight: 400;\">Vabljeni k branju!<\/span><\/h4>\n<\/div><\/section><\/div><\/p>\n","protected":false},"excerpt":{"rendered":"<p>Na portalu Govorjena sloven\u0161\u010dina so objavljene nove poljudne vsebine o snemanju, zapisovanju in enotah govora ter o diskurznih ozna\u010devalcih.  <\/p>\n","protected":false},"author":19,"featured_media":1776,"comment_status":"closed","ping_status":"closed","sticky":false,"template":"","format":"standard","meta":{"_acf_changed":false,"_relevanssi_hide_post":"","_relevanssi_hide_content":"","_relevanssi_pin_for_all":"","_relevanssi_pin_keywords":"","_relevanssi_unpin_keywords":"","_relevanssi_related_keywords":"","_relevanssi_related_include_ids":"","_relevanssi_related_exclude_ids":"","_relevanssi_related_no_append":"","_relevanssi_related_not_related":"","_relevanssi_related_posts":"","_relevanssi_noindex_reason":"","inline_featured_image":false,"episode_type":"","audio_file":"","podmotor_file_id":"","podmotor_episode_id":"","cover_image":"","cover_image_id":"","duration":"","filesize":"","filesize_raw":"","date_recorded":"","explicit":"","block":"","itunes_episode_number":"","itunes_title":"","itunes_season_number":"","itunes_episode_type":"","footnotes":""},"categories":[82],"tags":[103,102,96,99,100,101],"class_list":["post-1758","post","type-post","status-publish","format-standard","has-post-thumbnail","hentry","category-novice","tag-diskurzni-oznacevalci","tag-enote","tag-govorjena-slovenscina","tag-portal","tag-snemanje","tag-zapisovanje"],"acf":[],"yoast_head":"<!-- This site is optimized with the Yoast SEO plugin v27.3 - https:\/\/yoast.com\/product\/yoast-seo-wordpress\/ -->\n<title>Nove poljudne vsebine na portalu Govorjena sloven\u0161\u010dina - LLM4DH<\/title>\n<meta name=\"description\" content=\"Na portalu Govorjena sloven\u0161\u010dina so objavljene nove poljudne vsebine o snemanju, zapisovanju in enotah govora ter o diskurznih ozna\u010devalcih.\" \/>\n<meta name=\"robots\" content=\"index, follow, max-snippet:-1, max-image-preview:large, max-video-preview:-1\" \/>\n<link rel=\"canonical\" href=\"https:\/\/www.cjvt.si\/llm4dh\/blog\/nove-poljudne-vsebine-na-portalu-govorjena-slovenscina\/\" \/>\n<meta property=\"og:locale\" content=\"sl_SI\" \/>\n<meta property=\"og:type\" content=\"article\" \/>\n<meta property=\"og:title\" content=\"Nove poljudne vsebine na portalu Govorjena sloven\u0161\u010dina - LLM4DH\" \/>\n<meta property=\"og:description\" content=\"Na portalu Govorjena sloven\u0161\u010dina so objavljene nove poljudne vsebine o snemanju, zapisovanju in enotah govora ter o diskurznih ozna\u010devalcih.\" \/>\n<meta property=\"og:url\" content=\"https:\/\/www.cjvt.si\/llm4dh\/blog\/nove-poljudne-vsebine-na-portalu-govorjena-slovenscina\/\" \/>\n<meta property=\"og:site_name\" content=\"LLM4DH\" \/>\n<meta property=\"article:published_time\" content=\"2025-09-04T08:22:02+00:00\" \/>\n<meta property=\"article:modified_time\" content=\"2025-09-04T09:01:16+00:00\" \/>\n<meta property=\"og:image\" content=\"https:\/\/www.cjvt.si\/llm4dh\/wp-content\/uploads\/sites\/32\/2025\/09\/CJVT-blog-cover2240-x-1260-pik-5-1030x579.png\" \/>\n\t<meta property=\"og:image:width\" content=\"1030\" \/>\n\t<meta property=\"og:image:height\" content=\"579\" \/>\n\t<meta property=\"og:image:type\" content=\"image\/png\" \/>\n<meta name=\"author\" content=\"saras\" \/>\n<meta name=\"twitter:card\" content=\"summary_large_image\" \/>\n<meta name=\"twitter:label1\" content=\"Written by\" \/>\n\t<meta name=\"twitter:data1\" content=\"saras\" \/>\n\t<meta name=\"twitter:label2\" content=\"Est. reading time\" \/>\n\t<meta name=\"twitter:data2\" content=\"5 minut\" \/>\n<script type=\"application\/ld+json\" class=\"yoast-schema-graph\">{\"@context\":\"https:\\\/\\\/schema.org\",\"@graph\":[{\"@type\":\"Article\",\"@id\":\"https:\\\/\\\/www.cjvt.si\\\/llm4dh\\\/blog\\\/nove-poljudne-vsebine-na-portalu-govorjena-slovenscina\\\/#article\",\"isPartOf\":{\"@id\":\"https:\\\/\\\/www.cjvt.si\\\/llm4dh\\\/blog\\\/nove-poljudne-vsebine-na-portalu-govorjena-slovenscina\\\/\"},\"author\":{\"name\":\"saras\",\"@id\":\"https:\\\/\\\/www.cjvt.si\\\/llm4dh\\\/#\\\/schema\\\/person\\\/4d451cdaaa7aa1b00f756029e4b54aa7\"},\"headline\":\"Nove poljudne vsebine na portalu Govorjena sloven\u0161\u010dina\",\"datePublished\":\"2025-09-04T08:22:02+00:00\",\"dateModified\":\"2025-09-04T09:01:16+00:00\",\"mainEntityOfPage\":{\"@id\":\"https:\\\/\\\/www.cjvt.si\\\/llm4dh\\\/blog\\\/nove-poljudne-vsebine-na-portalu-govorjena-slovenscina\\\/\"},\"wordCount\":1301,\"image\":{\"@id\":\"https:\\\/\\\/www.cjvt.si\\\/llm4dh\\\/blog\\\/nove-poljudne-vsebine-na-portalu-govorjena-slovenscina\\\/#primaryimage\"},\"thumbnailUrl\":\"https:\\\/\\\/www.cjvt.si\\\/llm4dh\\\/wp-content\\\/uploads\\\/sites\\\/32\\\/2025\\\/09\\\/CJVT-blog-cover2240-x-1260-pik-5.png\",\"keywords\":[\"diskurzni ozna\u010devalci\",\"enote\",\"govorjena slovenscina\",\"portal\",\"snemanje\",\"zapisovanje\"],\"articleSection\":[\"Novice\"],\"inLanguage\":\"sl-SI\"},{\"@type\":\"WebPage\",\"@id\":\"https:\\\/\\\/www.cjvt.si\\\/llm4dh\\\/blog\\\/nove-poljudne-vsebine-na-portalu-govorjena-slovenscina\\\/\",\"url\":\"https:\\\/\\\/www.cjvt.si\\\/llm4dh\\\/blog\\\/nove-poljudne-vsebine-na-portalu-govorjena-slovenscina\\\/\",\"name\":\"Nove poljudne vsebine na portalu Govorjena sloven\u0161\u010dina - LLM4DH\",\"isPartOf\":{\"@id\":\"https:\\\/\\\/www.cjvt.si\\\/llm4dh\\\/#website\"},\"primaryImageOfPage\":{\"@id\":\"https:\\\/\\\/www.cjvt.si\\\/llm4dh\\\/blog\\\/nove-poljudne-vsebine-na-portalu-govorjena-slovenscina\\\/#primaryimage\"},\"image\":{\"@id\":\"https:\\\/\\\/www.cjvt.si\\\/llm4dh\\\/blog\\\/nove-poljudne-vsebine-na-portalu-govorjena-slovenscina\\\/#primaryimage\"},\"thumbnailUrl\":\"https:\\\/\\\/www.cjvt.si\\\/llm4dh\\\/wp-content\\\/uploads\\\/sites\\\/32\\\/2025\\\/09\\\/CJVT-blog-cover2240-x-1260-pik-5.png\",\"datePublished\":\"2025-09-04T08:22:02+00:00\",\"dateModified\":\"2025-09-04T09:01:16+00:00\",\"author\":{\"@id\":\"https:\\\/\\\/www.cjvt.si\\\/llm4dh\\\/#\\\/schema\\\/person\\\/4d451cdaaa7aa1b00f756029e4b54aa7\"},\"description\":\"Na portalu Govorjena sloven\u0161\u010dina so objavljene nove poljudne vsebine o snemanju, zapisovanju in enotah govora ter o diskurznih ozna\u010devalcih.\",\"breadcrumb\":{\"@id\":\"https:\\\/\\\/www.cjvt.si\\\/llm4dh\\\/blog\\\/nove-poljudne-vsebine-na-portalu-govorjena-slovenscina\\\/#breadcrumb\"},\"inLanguage\":\"sl-SI\",\"potentialAction\":[{\"@type\":\"ReadAction\",\"target\":[\"https:\\\/\\\/www.cjvt.si\\\/llm4dh\\\/blog\\\/nove-poljudne-vsebine-na-portalu-govorjena-slovenscina\\\/\"]}]},{\"@type\":\"ImageObject\",\"inLanguage\":\"sl-SI\",\"@id\":\"https:\\\/\\\/www.cjvt.si\\\/llm4dh\\\/blog\\\/nove-poljudne-vsebine-na-portalu-govorjena-slovenscina\\\/#primaryimage\",\"url\":\"https:\\\/\\\/www.cjvt.si\\\/llm4dh\\\/wp-content\\\/uploads\\\/sites\\\/32\\\/2025\\\/09\\\/CJVT-blog-cover2240-x-1260-pik-5.png\",\"contentUrl\":\"https:\\\/\\\/www.cjvt.si\\\/llm4dh\\\/wp-content\\\/uploads\\\/sites\\\/32\\\/2025\\\/09\\\/CJVT-blog-cover2240-x-1260-pik-5.png\",\"width\":2240,\"height\":1260},{\"@type\":\"BreadcrumbList\",\"@id\":\"https:\\\/\\\/www.cjvt.si\\\/llm4dh\\\/blog\\\/nove-poljudne-vsebine-na-portalu-govorjena-slovenscina\\\/#breadcrumb\",\"itemListElement\":[{\"@type\":\"ListItem\",\"position\":1,\"name\":\"Home\",\"item\":\"https:\\\/\\\/www.cjvt.si\\\/llm4dh\\\/\"},{\"@type\":\"ListItem\",\"position\":2,\"name\":\"Nove poljudne vsebine na portalu Govorjena sloven\u0161\u010dina\"}]},{\"@type\":\"WebSite\",\"@id\":\"https:\\\/\\\/www.cjvt.si\\\/llm4dh\\\/#website\",\"url\":\"https:\\\/\\\/www.cjvt.si\\\/llm4dh\\\/\",\"name\":\"LLM4DH\",\"description\":\"Work site\",\"potentialAction\":[{\"@type\":\"SearchAction\",\"target\":{\"@type\":\"EntryPoint\",\"urlTemplate\":\"https:\\\/\\\/www.cjvt.si\\\/llm4dh\\\/?s={search_term_string}\"},\"query-input\":{\"@type\":\"PropertyValueSpecification\",\"valueRequired\":true,\"valueName\":\"search_term_string\"}}],\"inLanguage\":\"sl-SI\"},{\"@type\":\"Person\",\"@id\":\"https:\\\/\\\/www.cjvt.si\\\/llm4dh\\\/#\\\/schema\\\/person\\\/4d451cdaaa7aa1b00f756029e4b54aa7\",\"name\":\"saras\",\"url\":\"https:\\\/\\\/www.cjvt.si\\\/llm4dh\\\/blog\\\/author\\\/saras\\\/\"}]}<\/script>\n<!-- \/ Yoast SEO plugin. -->","yoast_head_json":{"title":"Nove poljudne vsebine na portalu Govorjena sloven\u0161\u010dina - LLM4DH","description":"Na portalu Govorjena sloven\u0161\u010dina so objavljene nove poljudne vsebine o snemanju, zapisovanju in enotah govora ter o diskurznih ozna\u010devalcih.","robots":{"index":"index","follow":"follow","max-snippet":"max-snippet:-1","max-image-preview":"max-image-preview:large","max-video-preview":"max-video-preview:-1"},"canonical":"https:\/\/www.cjvt.si\/llm4dh\/blog\/nove-poljudne-vsebine-na-portalu-govorjena-slovenscina\/","og_locale":"sl_SI","og_type":"article","og_title":"Nove poljudne vsebine na portalu Govorjena sloven\u0161\u010dina - LLM4DH","og_description":"Na portalu Govorjena sloven\u0161\u010dina so objavljene nove poljudne vsebine o snemanju, zapisovanju in enotah govora ter o diskurznih ozna\u010devalcih.","og_url":"https:\/\/www.cjvt.si\/llm4dh\/blog\/nove-poljudne-vsebine-na-portalu-govorjena-slovenscina\/","og_site_name":"LLM4DH","article_published_time":"2025-09-04T08:22:02+00:00","article_modified_time":"2025-09-04T09:01:16+00:00","og_image":[{"width":1030,"height":579,"url":"https:\/\/www.cjvt.si\/llm4dh\/wp-content\/uploads\/sites\/32\/2025\/09\/CJVT-blog-cover2240-x-1260-pik-5-1030x579.png","type":"image\/png"}],"author":"saras","twitter_card":"summary_large_image","twitter_misc":{"Written by":"saras","Est. reading time":"5 minut"},"schema":{"@context":"https:\/\/schema.org","@graph":[{"@type":"Article","@id":"https:\/\/www.cjvt.si\/llm4dh\/blog\/nove-poljudne-vsebine-na-portalu-govorjena-slovenscina\/#article","isPartOf":{"@id":"https:\/\/www.cjvt.si\/llm4dh\/blog\/nove-poljudne-vsebine-na-portalu-govorjena-slovenscina\/"},"author":{"name":"saras","@id":"https:\/\/www.cjvt.si\/llm4dh\/#\/schema\/person\/4d451cdaaa7aa1b00f756029e4b54aa7"},"headline":"Nove poljudne vsebine na portalu Govorjena sloven\u0161\u010dina","datePublished":"2025-09-04T08:22:02+00:00","dateModified":"2025-09-04T09:01:16+00:00","mainEntityOfPage":{"@id":"https:\/\/www.cjvt.si\/llm4dh\/blog\/nove-poljudne-vsebine-na-portalu-govorjena-slovenscina\/"},"wordCount":1301,"image":{"@id":"https:\/\/www.cjvt.si\/llm4dh\/blog\/nove-poljudne-vsebine-na-portalu-govorjena-slovenscina\/#primaryimage"},"thumbnailUrl":"https:\/\/www.cjvt.si\/llm4dh\/wp-content\/uploads\/sites\/32\/2025\/09\/CJVT-blog-cover2240-x-1260-pik-5.png","keywords":["diskurzni ozna\u010devalci","enote","govorjena slovenscina","portal","snemanje","zapisovanje"],"articleSection":["Novice"],"inLanguage":"sl-SI"},{"@type":"WebPage","@id":"https:\/\/www.cjvt.si\/llm4dh\/blog\/nove-poljudne-vsebine-na-portalu-govorjena-slovenscina\/","url":"https:\/\/www.cjvt.si\/llm4dh\/blog\/nove-poljudne-vsebine-na-portalu-govorjena-slovenscina\/","name":"Nove poljudne vsebine na portalu Govorjena sloven\u0161\u010dina - LLM4DH","isPartOf":{"@id":"https:\/\/www.cjvt.si\/llm4dh\/#website"},"primaryImageOfPage":{"@id":"https:\/\/www.cjvt.si\/llm4dh\/blog\/nove-poljudne-vsebine-na-portalu-govorjena-slovenscina\/#primaryimage"},"image":{"@id":"https:\/\/www.cjvt.si\/llm4dh\/blog\/nove-poljudne-vsebine-na-portalu-govorjena-slovenscina\/#primaryimage"},"thumbnailUrl":"https:\/\/www.cjvt.si\/llm4dh\/wp-content\/uploads\/sites\/32\/2025\/09\/CJVT-blog-cover2240-x-1260-pik-5.png","datePublished":"2025-09-04T08:22:02+00:00","dateModified":"2025-09-04T09:01:16+00:00","author":{"@id":"https:\/\/www.cjvt.si\/llm4dh\/#\/schema\/person\/4d451cdaaa7aa1b00f756029e4b54aa7"},"description":"Na portalu Govorjena sloven\u0161\u010dina so objavljene nove poljudne vsebine o snemanju, zapisovanju in enotah govora ter o diskurznih ozna\u010devalcih.","breadcrumb":{"@id":"https:\/\/www.cjvt.si\/llm4dh\/blog\/nove-poljudne-vsebine-na-portalu-govorjena-slovenscina\/#breadcrumb"},"inLanguage":"sl-SI","potentialAction":[{"@type":"ReadAction","target":["https:\/\/www.cjvt.si\/llm4dh\/blog\/nove-poljudne-vsebine-na-portalu-govorjena-slovenscina\/"]}]},{"@type":"ImageObject","inLanguage":"sl-SI","@id":"https:\/\/www.cjvt.si\/llm4dh\/blog\/nove-poljudne-vsebine-na-portalu-govorjena-slovenscina\/#primaryimage","url":"https:\/\/www.cjvt.si\/llm4dh\/wp-content\/uploads\/sites\/32\/2025\/09\/CJVT-blog-cover2240-x-1260-pik-5.png","contentUrl":"https:\/\/www.cjvt.si\/llm4dh\/wp-content\/uploads\/sites\/32\/2025\/09\/CJVT-blog-cover2240-x-1260-pik-5.png","width":2240,"height":1260},{"@type":"BreadcrumbList","@id":"https:\/\/www.cjvt.si\/llm4dh\/blog\/nove-poljudne-vsebine-na-portalu-govorjena-slovenscina\/#breadcrumb","itemListElement":[{"@type":"ListItem","position":1,"name":"Home","item":"https:\/\/www.cjvt.si\/llm4dh\/"},{"@type":"ListItem","position":2,"name":"Nove poljudne vsebine na portalu Govorjena sloven\u0161\u010dina"}]},{"@type":"WebSite","@id":"https:\/\/www.cjvt.si\/llm4dh\/#website","url":"https:\/\/www.cjvt.si\/llm4dh\/","name":"LLM4DH","description":"Work site","potentialAction":[{"@type":"SearchAction","target":{"@type":"EntryPoint","urlTemplate":"https:\/\/www.cjvt.si\/llm4dh\/?s={search_term_string}"},"query-input":{"@type":"PropertyValueSpecification","valueRequired":true,"valueName":"search_term_string"}}],"inLanguage":"sl-SI"},{"@type":"Person","@id":"https:\/\/www.cjvt.si\/llm4dh\/#\/schema\/person\/4d451cdaaa7aa1b00f756029e4b54aa7","name":"saras","url":"https:\/\/www.cjvt.si\/llm4dh\/blog\/author\/saras\/"}]}},"_links":{"self":[{"href":"https:\/\/www.cjvt.si\/llm4dh\/wp-json\/wp\/v2\/posts\/1758","targetHints":{"allow":["GET"]}}],"collection":[{"href":"https:\/\/www.cjvt.si\/llm4dh\/wp-json\/wp\/v2\/posts"}],"about":[{"href":"https:\/\/www.cjvt.si\/llm4dh\/wp-json\/wp\/v2\/types\/post"}],"author":[{"embeddable":true,"href":"https:\/\/www.cjvt.si\/llm4dh\/wp-json\/wp\/v2\/users\/19"}],"replies":[{"embeddable":true,"href":"https:\/\/www.cjvt.si\/llm4dh\/wp-json\/wp\/v2\/comments?post=1758"}],"version-history":[{"count":2,"href":"https:\/\/www.cjvt.si\/llm4dh\/wp-json\/wp\/v2\/posts\/1758\/revisions"}],"predecessor-version":[{"id":1775,"href":"https:\/\/www.cjvt.si\/llm4dh\/wp-json\/wp\/v2\/posts\/1758\/revisions\/1775"}],"wp:featuredmedia":[{"embeddable":true,"href":"https:\/\/www.cjvt.si\/llm4dh\/wp-json\/wp\/v2\/media\/1776"}],"wp:attachment":[{"href":"https:\/\/www.cjvt.si\/llm4dh\/wp-json\/wp\/v2\/media?parent=1758"}],"wp:term":[{"taxonomy":"category","embeddable":true,"href":"https:\/\/www.cjvt.si\/llm4dh\/wp-json\/wp\/v2\/categories?post=1758"},{"taxonomy":"post_tag","embeddable":true,"href":"https:\/\/www.cjvt.si\/llm4dh\/wp-json\/wp\/v2\/tags?post=1758"}],"curies":[{"name":"wp","href":"https:\/\/api.w.org\/{rel}","templated":true}]}}