{"id":1794,"date":"2025-09-29T14:37:00","date_gmt":"2025-09-29T12:37:00","guid":{"rendered":"https:\/\/www.cjvt.si\/llm4dh\/?p=1794"},"modified":"2025-09-29T14:37:00","modified_gmt":"2025-09-29T12:37:00","slug":"interdisciplinarna-konferenca-razumeti-pravo-jezikovna-dostopnost-kot-temelj-enakopravnosti","status":"publish","type":"post","link":"https:\/\/www.cjvt.si\/llm4dh\/blog\/interdisciplinarna-konferenca-razumeti-pravo-jezikovna-dostopnost-kot-temelj-enakopravnosti\/","title":{"rendered":"Interdisciplinarna konferenca Razumeti pravo: jezikovna dostopnost kot temelj enakopravnosti"},"content":{"rendered":"<div class=\"flex_column av_one_full  flex_column_div av-zero-column-padding first  avia-builder-el-0  el_before_av_one_full  avia-builder-el-first  \" style='border-radius:0px; '><section class=\"av_textblock_section \"  itemscope=\"itemscope\" itemtype=\"https:\/\/schema.org\/BlogPosting\" itemprop=\"blogPost\" ><div class='avia_textblock  '   itemprop=\"text\" ><h1>Interdisciplinarna konferenca Razumeti pravo: jezikovna dostopnost kot temelj enakopravnosti<\/h1>\n<\/div><\/section><\/div><div class=\"flex_column av_one_full  flex_column_div av-zero-column-padding first  avia-builder-el-2  el_after_av_one_full  el_before_av_one_full  column-top-margin\" style='border-radius:0px; '><section class=\"av_textblock_section \"  itemscope=\"itemscope\" itemtype=\"https:\/\/schema.org\/BlogPosting\" itemprop=\"blogPost\" ><div class='avia_textblock  '   itemprop=\"text\" ><p><span style=\"font-weight: 400;\">V petek, 12. septembra 2025, je na Pravni fakulteti Univerze v Ljubljani potekala konferenca z naslovom Razumeti pravo: jezikovna dostopnost kot temelj enakopravnosti. Konferenca je naslovila (jezikovno) dostopnost pravnih besedil ter vlogo jezika pri uresni\u010devaju pravic na podro\u010dju socialnega varstva in \u0161ir\u0161e. Na konferenci so sodelovali tudi raziskovalci in raziskovalke projekta Veliki jezikovni modeli za digitalno humanistiko. Na panelu z naslovom Prav(o) razumeti, prav uveljavljati: sloven\u0161\u010dina kot pot do pravic socialnega varstva sta sodelovala <\/span><b>dr. Senja Pollak<\/b><span style=\"font-weight: 400;\"> in <\/span><b>dr. Marko Robnik \u0160ikonja<\/b><span style=\"font-weight: 400;\">.\u00a0<\/span><\/p>\n<p><span style=\"font-weight: 400;\">Sodelujo\u010di na panelu so se strinjali, da je razumevanje jezika z vidika socialnega varstva zelo kompleksno. <\/span><b>Dr. Ana Marija Sobo\u010dan<\/b><span style=\"font-weight: 400;\"> s Fakultete za socialno delo UL je izpostavila, da imajo v praksi socialni delavci in delavke veliko te\u017eav, ker so zakoni napisani nejasno in zapleteno, zato posledi\u010dno dr\u017eavljanom in dr\u017eavljankam te\u017eko posredujejo jasne informacije. Ob tem je poudarila, da mora biti jezik dostopen vsem. Le tako lahko ljudje u\u010dinkovito uveljavljajo svoje pravice in gradijo zaupanje v sistem.\u00a0<\/span><\/p>\n<p><b>Dr. Luka Mi\u0161i\u010d<\/b><span style=\"font-weight: 400;\"> s Pravne fakultete UL je predstavil pravni vidik dostopnosti jezika. Poudaril je, da je sicer te\u017eko rangirati razmerja znotraj prava, vendar je podro\u010dje socialnega varstva \u0161e posebno pomembno. Socialno varstvo namre\u010d ureja prerazporeditev dru\u017ebenega bogastva in te pravice morajo biti urejene univerzalno. Jezik predpisov in zakonov socialnega varstva mora biti dostopen in razumljiv vsakomur, ker se ti\u010de celotne populacije.\u00a0<\/span><\/p>\n<\/div><\/section><\/div><div class=\"flex_column av_one_full  flex_column_div av-zero-column-padding first  avia-builder-el-4  el_after_av_one_full  el_before_av_one_full  column-top-margin\" style='border-radius:0px; '><div  class='avia-image-container  av-styling-    avia-builder-el-5  avia-builder-el-no-sibling  avia-align-center '  itemprop=\"image\" itemscope=\"itemscope\" itemtype=\"https:\/\/schema.org\/ImageObject\"  ><div class='avia-image-container-inner'><div class='avia-image-overlay-wrap'><img class='avia_image' src='https:\/\/www.cjvt.si\/llm4dh\/wp-content\/uploads\/sites\/32\/2025\/09\/IMG_1759-scaled.jpeg' alt='' title='IMG_1759' height=\"2077\" width=\"2560\"  itemprop=\"thumbnailUrl\"  \/><\/div><\/div><\/div><\/div><div class=\"flex_column av_one_full  flex_column_div av-zero-column-padding first  avia-builder-el-6  el_after_av_one_full  avia-builder-el-last  column-top-margin\" style='border-radius:0px; '><section class=\"av_textblock_section \"  itemscope=\"itemscope\" itemtype=\"https:\/\/schema.org\/BlogPosting\" itemprop=\"blogPost\" ><div class='avia_textblock  '   itemprop=\"text\" ><p><b>Dr. Marko Stabej<\/b><span style=\"font-weight: 400;\"> s Filozofske fakultete UL je na panelu predstavil zgodovinski vidik jezikovne dostopnosti: <\/span><i><span style=\"font-weight: 400;\">\u201cReformacija se je vrtela okrog vpra\u0161anja, kako narediti bo\u017ejo besedo dostopno ljudem. Razsvetljenstvo se je zavzemalo za izobra\u017eevanje v vsem dostopnem jeziku. V socializmu pa ni \u0161lo samo za to, da morajo jezik vsi razumeti, ampak lahko tudi vsi tvorijo besedila, ki jih bodo vsi razumeli.\u201d <\/span><\/i><span style=\"font-weight: 400;\">Poleg zgodovinskega vidika je <\/span><b>dr. Stabej<\/b><span style=\"font-weight: 400;\"> poudaril, da je jezikovna nedostopnost orodje za ohranjanje privilegijev. Mnogi imajo namre\u010d koristi, \u010de jih drugi ne razumejo v celoti, saj jim to omogo\u010da, da ohranjajo nadzor nad formulacijo in interpretacijo. Zato je osrednjega pomena, da ljudje sodelujejo v procesih, da imajo mo\u017enost spra\u0161evati in da na ta vpra\u0161anja tudi dobijo odgovore.\u00a0<\/span><\/p>\n<p><span style=\"font-weight: 400;\">Ob tem je<\/span><b> dr. Ina Ferbe\u017ear<\/b><span style=\"font-weight: 400;\"> s Centra za sloven\u0161\u010dino kot drugi tuji jezik je izpostavila problem, da kadar ljudje ne razumejo predpisov in zakonov, tega obi\u010dajno ne povedo na glas, temve\u010d se raje umaknejo. Zato jim je treba zagotoviti uporabne informacije, da bodo lahko aktivno sodelovali v teh procesih.\u00a0<\/span><\/p>\n<p><b>Dr. Marko Robnik \u0160ikonja<\/b><span style=\"font-weight: 400;\"> je na vpra\u0161anje <\/span><b>dr. Senje Pollak<\/b><span style=\"font-weight: 400;\"> o konkretnih re\u0161itvah za dostopnost pravnega jezika odgovoril, da umetna inteligenca ne more v celoti re\u0161iti problema jezikovne dostopnosti: <\/span><i><span style=\"font-weight: 400;\">\u201cVeliki jezikovni modeli so polni pristranskosti. Nau\u010deni so na velikih zbirkah besedil, ki pa jih po ve\u010dini pi\u0161ejo izobra\u017eeni. Manj izobra\u017eeni ne pi\u0161ejo in njihovega stila umetna inteligenca ne zazna.\u201d<\/span><\/i><span style=\"font-weight: 400;\"> Ob tem je \u0161e pozval predstavnike in predstavnice Centrov za socialno delo k prispevanju podatkov: <\/span><i><span style=\"font-weight: 400;\">&#8220;Kova\u010d vse re\u0161uje s kladivom. Ker se ukvarjam z umetno inteligenco, bi se jaz problema jezikovne dostopnosti lotil s pomo\u010djo velikih jezikovnih modelov. Centri za socialno delo bi lahko prispevali podatke v obliki vpra\u0161anj in odgovorov o predpisih s podro\u010dja socialnega varstva, mi pa bi velike jezikovne modele nau\u010dili na teh obse\u017enih besedilih. Tako bi lahko prispevali k ve\u010dji dostopnosti pravnega jezika.&#8221;<\/span><\/i><\/p>\n<\/div><\/section><\/div><\/p>\n","protected":false},"excerpt":{"rendered":"<p>V petek, 12. septembra 2025, je na Pravni fakulteti Univerze v Ljubljani potekala konferenca z naslovom Razumeti pravo: jezikovna dostopnost kot temelj enakopravnosti. Konferenca je naslovila (jezikovno) dostopnost pravnih besedil ter vlogo jezika pri uresni\u010devaju pravic na podro\u010dju socialnega varstva in \u0161ir\u0161e.<\/p>\n","protected":false},"author":19,"featured_media":1797,"comment_status":"closed","ping_status":"closed","sticky":false,"template":"","format":"standard","meta":{"_acf_changed":false,"_relevanssi_hide_post":"","_relevanssi_hide_content":"","_relevanssi_pin_for_all":"","_relevanssi_pin_keywords":"","_relevanssi_unpin_keywords":"","_relevanssi_related_keywords":"","_relevanssi_related_include_ids":"","_relevanssi_related_exclude_ids":"","_relevanssi_related_no_append":"","_relevanssi_related_not_related":"","_relevanssi_related_posts":"","_relevanssi_noindex_reason":"","inline_featured_image":false,"episode_type":"","audio_file":"","podmotor_file_id":"","podmotor_episode_id":"","cover_image":"","cover_image_id":"","duration":"","filesize":"","filesize_raw":"","date_recorded":"","explicit":"","block":"","itunes_episode_number":"","itunes_title":"","itunes_season_number":"","itunes_episode_type":"","footnotes":""},"categories":[82],"tags":[104,106,105],"class_list":["post-1794","post","type-post","status-publish","format-standard","has-post-thumbnail","hentry","category-novice","tag-panel","tag-pravo-razumeti-prav-uveljavljati","tag-veliki-jezikovni-modeli-za-digitalno-humanistiko"],"acf":[],"yoast_head":"<!-- This site is optimized with the Yoast SEO plugin v27.3 - https:\/\/yoast.com\/product\/yoast-seo-wordpress\/ -->\n<title>Interdisciplinarna konferenca Razumeti pravo: jezikovna dostopnost kot temelj enakopravnosti - LLM4DH<\/title>\n<meta name=\"description\" content=\"V petek, 12. septembra 2025, je na Pravni fakulteti Univerze v Ljubljani potekala konferenca z naslovom Razumeti pravo: jezikovna dostopnost kot temelj enakopravnosti. Konferenca je naslovila (jezikovno) dostopnost pravnih besedil ter vlogo jezika pri uresni\u010devaju pravic na podro\u010dju socialnega varstva in \u0161ir\u0161e.\" \/>\n<meta name=\"robots\" content=\"index, follow, max-snippet:-1, max-image-preview:large, max-video-preview:-1\" \/>\n<link rel=\"canonical\" href=\"https:\/\/www.cjvt.si\/llm4dh\/blog\/interdisciplinarna-konferenca-razumeti-pravo-jezikovna-dostopnost-kot-temelj-enakopravnosti\/\" \/>\n<meta property=\"og:locale\" content=\"sl_SI\" \/>\n<meta property=\"og:type\" content=\"article\" \/>\n<meta property=\"og:title\" content=\"Interdisciplinarna konferenca Razumeti pravo: jezikovna dostopnost kot temelj enakopravnosti - LLM4DH\" \/>\n<meta property=\"og:description\" content=\"V petek, 12. septembra 2025, je na Pravni fakulteti Univerze v Ljubljani potekala konferenca z naslovom Razumeti pravo: jezikovna dostopnost kot temelj enakopravnosti. Konferenca je naslovila (jezikovno) dostopnost pravnih besedil ter vlogo jezika pri uresni\u010devaju pravic na podro\u010dju socialnega varstva in \u0161ir\u0161e.\" \/>\n<meta property=\"og:url\" content=\"https:\/\/www.cjvt.si\/llm4dh\/blog\/interdisciplinarna-konferenca-razumeti-pravo-jezikovna-dostopnost-kot-temelj-enakopravnosti\/\" \/>\n<meta property=\"og:site_name\" content=\"LLM4DH\" \/>\n<meta property=\"article:published_time\" content=\"2025-09-29T12:37:00+00:00\" \/>\n<meta property=\"og:image\" content=\"https:\/\/www.cjvt.si\/llm4dh\/wp-content\/uploads\/sites\/32\/2025\/09\/IMG_1759-1030x836.jpeg\" \/>\n\t<meta property=\"og:image:width\" content=\"1030\" \/>\n\t<meta property=\"og:image:height\" content=\"836\" \/>\n\t<meta property=\"og:image:type\" content=\"image\/jpeg\" \/>\n<meta name=\"author\" content=\"saras\" \/>\n<meta name=\"twitter:card\" content=\"summary_large_image\" \/>\n<meta name=\"twitter:label1\" content=\"Written by\" \/>\n\t<meta name=\"twitter:data1\" content=\"saras\" \/>\n\t<meta name=\"twitter:label2\" content=\"Est. reading time\" \/>\n\t<meta name=\"twitter:data2\" content=\"1 minuta\" \/>\n<script type=\"application\/ld+json\" class=\"yoast-schema-graph\">{\"@context\":\"https:\\\/\\\/schema.org\",\"@graph\":[{\"@type\":\"Article\",\"@id\":\"https:\\\/\\\/www.cjvt.si\\\/llm4dh\\\/blog\\\/interdisciplinarna-konferenca-razumeti-pravo-jezikovna-dostopnost-kot-temelj-enakopravnosti\\\/#article\",\"isPartOf\":{\"@id\":\"https:\\\/\\\/www.cjvt.si\\\/llm4dh\\\/blog\\\/interdisciplinarna-konferenca-razumeti-pravo-jezikovna-dostopnost-kot-temelj-enakopravnosti\\\/\"},\"author\":{\"name\":\"saras\",\"@id\":\"https:\\\/\\\/www.cjvt.si\\\/llm4dh\\\/#\\\/schema\\\/person\\\/4d451cdaaa7aa1b00f756029e4b54aa7\"},\"headline\":\"Interdisciplinarna konferenca Razumeti pravo: jezikovna dostopnost kot temelj enakopravnosti\",\"datePublished\":\"2025-09-29T12:37:00+00:00\",\"mainEntityOfPage\":{\"@id\":\"https:\\\/\\\/www.cjvt.si\\\/llm4dh\\\/blog\\\/interdisciplinarna-konferenca-razumeti-pravo-jezikovna-dostopnost-kot-temelj-enakopravnosti\\\/\"},\"wordCount\":1049,\"image\":{\"@id\":\"https:\\\/\\\/www.cjvt.si\\\/llm4dh\\\/blog\\\/interdisciplinarna-konferenca-razumeti-pravo-jezikovna-dostopnost-kot-temelj-enakopravnosti\\\/#primaryimage\"},\"thumbnailUrl\":\"https:\\\/\\\/www.cjvt.si\\\/llm4dh\\\/wp-content\\\/uploads\\\/sites\\\/32\\\/2025\\\/09\\\/IMG_1759-scaled.jpeg\",\"keywords\":[\"panel\",\"prav(o) razumeti; prav uveljavljati\",\"Veliki jezikovni modeli za digitalno humanistiko\"],\"articleSection\":[\"Novice\"],\"inLanguage\":\"sl-SI\"},{\"@type\":\"WebPage\",\"@id\":\"https:\\\/\\\/www.cjvt.si\\\/llm4dh\\\/blog\\\/interdisciplinarna-konferenca-razumeti-pravo-jezikovna-dostopnost-kot-temelj-enakopravnosti\\\/\",\"url\":\"https:\\\/\\\/www.cjvt.si\\\/llm4dh\\\/blog\\\/interdisciplinarna-konferenca-razumeti-pravo-jezikovna-dostopnost-kot-temelj-enakopravnosti\\\/\",\"name\":\"Interdisciplinarna konferenca Razumeti pravo: jezikovna dostopnost kot temelj enakopravnosti - LLM4DH\",\"isPartOf\":{\"@id\":\"https:\\\/\\\/www.cjvt.si\\\/llm4dh\\\/#website\"},\"primaryImageOfPage\":{\"@id\":\"https:\\\/\\\/www.cjvt.si\\\/llm4dh\\\/blog\\\/interdisciplinarna-konferenca-razumeti-pravo-jezikovna-dostopnost-kot-temelj-enakopravnosti\\\/#primaryimage\"},\"image\":{\"@id\":\"https:\\\/\\\/www.cjvt.si\\\/llm4dh\\\/blog\\\/interdisciplinarna-konferenca-razumeti-pravo-jezikovna-dostopnost-kot-temelj-enakopravnosti\\\/#primaryimage\"},\"thumbnailUrl\":\"https:\\\/\\\/www.cjvt.si\\\/llm4dh\\\/wp-content\\\/uploads\\\/sites\\\/32\\\/2025\\\/09\\\/IMG_1759-scaled.jpeg\",\"datePublished\":\"2025-09-29T12:37:00+00:00\",\"author\":{\"@id\":\"https:\\\/\\\/www.cjvt.si\\\/llm4dh\\\/#\\\/schema\\\/person\\\/4d451cdaaa7aa1b00f756029e4b54aa7\"},\"description\":\"V petek, 12. septembra 2025, je na Pravni fakulteti Univerze v Ljubljani potekala konferenca z naslovom Razumeti pravo: jezikovna dostopnost kot temelj enakopravnosti. Konferenca je naslovila (jezikovno) dostopnost pravnih besedil ter vlogo jezika pri uresni\u010devaju pravic na podro\u010dju socialnega varstva in \u0161ir\u0161e.\",\"breadcrumb\":{\"@id\":\"https:\\\/\\\/www.cjvt.si\\\/llm4dh\\\/blog\\\/interdisciplinarna-konferenca-razumeti-pravo-jezikovna-dostopnost-kot-temelj-enakopravnosti\\\/#breadcrumb\"},\"inLanguage\":\"sl-SI\",\"potentialAction\":[{\"@type\":\"ReadAction\",\"target\":[\"https:\\\/\\\/www.cjvt.si\\\/llm4dh\\\/blog\\\/interdisciplinarna-konferenca-razumeti-pravo-jezikovna-dostopnost-kot-temelj-enakopravnosti\\\/\"]}]},{\"@type\":\"ImageObject\",\"inLanguage\":\"sl-SI\",\"@id\":\"https:\\\/\\\/www.cjvt.si\\\/llm4dh\\\/blog\\\/interdisciplinarna-konferenca-razumeti-pravo-jezikovna-dostopnost-kot-temelj-enakopravnosti\\\/#primaryimage\",\"url\":\"https:\\\/\\\/www.cjvt.si\\\/llm4dh\\\/wp-content\\\/uploads\\\/sites\\\/32\\\/2025\\\/09\\\/IMG_1759-scaled.jpeg\",\"contentUrl\":\"https:\\\/\\\/www.cjvt.si\\\/llm4dh\\\/wp-content\\\/uploads\\\/sites\\\/32\\\/2025\\\/09\\\/IMG_1759-scaled.jpeg\",\"width\":2560,\"height\":2077},{\"@type\":\"BreadcrumbList\",\"@id\":\"https:\\\/\\\/www.cjvt.si\\\/llm4dh\\\/blog\\\/interdisciplinarna-konferenca-razumeti-pravo-jezikovna-dostopnost-kot-temelj-enakopravnosti\\\/#breadcrumb\",\"itemListElement\":[{\"@type\":\"ListItem\",\"position\":1,\"name\":\"Home\",\"item\":\"https:\\\/\\\/www.cjvt.si\\\/llm4dh\\\/\"},{\"@type\":\"ListItem\",\"position\":2,\"name\":\"Interdisciplinarna konferenca Razumeti pravo: jezikovna dostopnost kot temelj enakopravnosti\"}]},{\"@type\":\"WebSite\",\"@id\":\"https:\\\/\\\/www.cjvt.si\\\/llm4dh\\\/#website\",\"url\":\"https:\\\/\\\/www.cjvt.si\\\/llm4dh\\\/\",\"name\":\"LLM4DH\",\"description\":\"Work site\",\"potentialAction\":[{\"@type\":\"SearchAction\",\"target\":{\"@type\":\"EntryPoint\",\"urlTemplate\":\"https:\\\/\\\/www.cjvt.si\\\/llm4dh\\\/?s={search_term_string}\"},\"query-input\":{\"@type\":\"PropertyValueSpecification\",\"valueRequired\":true,\"valueName\":\"search_term_string\"}}],\"inLanguage\":\"sl-SI\"},{\"@type\":\"Person\",\"@id\":\"https:\\\/\\\/www.cjvt.si\\\/llm4dh\\\/#\\\/schema\\\/person\\\/4d451cdaaa7aa1b00f756029e4b54aa7\",\"name\":\"saras\",\"url\":\"https:\\\/\\\/www.cjvt.si\\\/llm4dh\\\/blog\\\/author\\\/saras\\\/\"}]}<\/script>\n<!-- \/ Yoast SEO plugin. -->","yoast_head_json":{"title":"Interdisciplinarna konferenca Razumeti pravo: jezikovna dostopnost kot temelj enakopravnosti - LLM4DH","description":"V petek, 12. septembra 2025, je na Pravni fakulteti Univerze v Ljubljani potekala konferenca z naslovom Razumeti pravo: jezikovna dostopnost kot temelj enakopravnosti. Konferenca je naslovila (jezikovno) dostopnost pravnih besedil ter vlogo jezika pri uresni\u010devaju pravic na podro\u010dju socialnega varstva in \u0161ir\u0161e.","robots":{"index":"index","follow":"follow","max-snippet":"max-snippet:-1","max-image-preview":"max-image-preview:large","max-video-preview":"max-video-preview:-1"},"canonical":"https:\/\/www.cjvt.si\/llm4dh\/blog\/interdisciplinarna-konferenca-razumeti-pravo-jezikovna-dostopnost-kot-temelj-enakopravnosti\/","og_locale":"sl_SI","og_type":"article","og_title":"Interdisciplinarna konferenca Razumeti pravo: jezikovna dostopnost kot temelj enakopravnosti - LLM4DH","og_description":"V petek, 12. septembra 2025, je na Pravni fakulteti Univerze v Ljubljani potekala konferenca z naslovom Razumeti pravo: jezikovna dostopnost kot temelj enakopravnosti. Konferenca je naslovila (jezikovno) dostopnost pravnih besedil ter vlogo jezika pri uresni\u010devaju pravic na podro\u010dju socialnega varstva in \u0161ir\u0161e.","og_url":"https:\/\/www.cjvt.si\/llm4dh\/blog\/interdisciplinarna-konferenca-razumeti-pravo-jezikovna-dostopnost-kot-temelj-enakopravnosti\/","og_site_name":"LLM4DH","article_published_time":"2025-09-29T12:37:00+00:00","og_image":[{"width":1030,"height":836,"url":"https:\/\/www.cjvt.si\/llm4dh\/wp-content\/uploads\/sites\/32\/2025\/09\/IMG_1759-1030x836.jpeg","type":"image\/jpeg"}],"author":"saras","twitter_card":"summary_large_image","twitter_misc":{"Written by":"saras","Est. reading time":"1 minuta"},"schema":{"@context":"https:\/\/schema.org","@graph":[{"@type":"Article","@id":"https:\/\/www.cjvt.si\/llm4dh\/blog\/interdisciplinarna-konferenca-razumeti-pravo-jezikovna-dostopnost-kot-temelj-enakopravnosti\/#article","isPartOf":{"@id":"https:\/\/www.cjvt.si\/llm4dh\/blog\/interdisciplinarna-konferenca-razumeti-pravo-jezikovna-dostopnost-kot-temelj-enakopravnosti\/"},"author":{"name":"saras","@id":"https:\/\/www.cjvt.si\/llm4dh\/#\/schema\/person\/4d451cdaaa7aa1b00f756029e4b54aa7"},"headline":"Interdisciplinarna konferenca Razumeti pravo: jezikovna dostopnost kot temelj enakopravnosti","datePublished":"2025-09-29T12:37:00+00:00","mainEntityOfPage":{"@id":"https:\/\/www.cjvt.si\/llm4dh\/blog\/interdisciplinarna-konferenca-razumeti-pravo-jezikovna-dostopnost-kot-temelj-enakopravnosti\/"},"wordCount":1049,"image":{"@id":"https:\/\/www.cjvt.si\/llm4dh\/blog\/interdisciplinarna-konferenca-razumeti-pravo-jezikovna-dostopnost-kot-temelj-enakopravnosti\/#primaryimage"},"thumbnailUrl":"https:\/\/www.cjvt.si\/llm4dh\/wp-content\/uploads\/sites\/32\/2025\/09\/IMG_1759-scaled.jpeg","keywords":["panel","prav(o) razumeti; prav uveljavljati","Veliki jezikovni modeli za digitalno humanistiko"],"articleSection":["Novice"],"inLanguage":"sl-SI"},{"@type":"WebPage","@id":"https:\/\/www.cjvt.si\/llm4dh\/blog\/interdisciplinarna-konferenca-razumeti-pravo-jezikovna-dostopnost-kot-temelj-enakopravnosti\/","url":"https:\/\/www.cjvt.si\/llm4dh\/blog\/interdisciplinarna-konferenca-razumeti-pravo-jezikovna-dostopnost-kot-temelj-enakopravnosti\/","name":"Interdisciplinarna konferenca Razumeti pravo: jezikovna dostopnost kot temelj enakopravnosti - LLM4DH","isPartOf":{"@id":"https:\/\/www.cjvt.si\/llm4dh\/#website"},"primaryImageOfPage":{"@id":"https:\/\/www.cjvt.si\/llm4dh\/blog\/interdisciplinarna-konferenca-razumeti-pravo-jezikovna-dostopnost-kot-temelj-enakopravnosti\/#primaryimage"},"image":{"@id":"https:\/\/www.cjvt.si\/llm4dh\/blog\/interdisciplinarna-konferenca-razumeti-pravo-jezikovna-dostopnost-kot-temelj-enakopravnosti\/#primaryimage"},"thumbnailUrl":"https:\/\/www.cjvt.si\/llm4dh\/wp-content\/uploads\/sites\/32\/2025\/09\/IMG_1759-scaled.jpeg","datePublished":"2025-09-29T12:37:00+00:00","author":{"@id":"https:\/\/www.cjvt.si\/llm4dh\/#\/schema\/person\/4d451cdaaa7aa1b00f756029e4b54aa7"},"description":"V petek, 12. septembra 2025, je na Pravni fakulteti Univerze v Ljubljani potekala konferenca z naslovom Razumeti pravo: jezikovna dostopnost kot temelj enakopravnosti. Konferenca je naslovila (jezikovno) dostopnost pravnih besedil ter vlogo jezika pri uresni\u010devaju pravic na podro\u010dju socialnega varstva in \u0161ir\u0161e.","breadcrumb":{"@id":"https:\/\/www.cjvt.si\/llm4dh\/blog\/interdisciplinarna-konferenca-razumeti-pravo-jezikovna-dostopnost-kot-temelj-enakopravnosti\/#breadcrumb"},"inLanguage":"sl-SI","potentialAction":[{"@type":"ReadAction","target":["https:\/\/www.cjvt.si\/llm4dh\/blog\/interdisciplinarna-konferenca-razumeti-pravo-jezikovna-dostopnost-kot-temelj-enakopravnosti\/"]}]},{"@type":"ImageObject","inLanguage":"sl-SI","@id":"https:\/\/www.cjvt.si\/llm4dh\/blog\/interdisciplinarna-konferenca-razumeti-pravo-jezikovna-dostopnost-kot-temelj-enakopravnosti\/#primaryimage","url":"https:\/\/www.cjvt.si\/llm4dh\/wp-content\/uploads\/sites\/32\/2025\/09\/IMG_1759-scaled.jpeg","contentUrl":"https:\/\/www.cjvt.si\/llm4dh\/wp-content\/uploads\/sites\/32\/2025\/09\/IMG_1759-scaled.jpeg","width":2560,"height":2077},{"@type":"BreadcrumbList","@id":"https:\/\/www.cjvt.si\/llm4dh\/blog\/interdisciplinarna-konferenca-razumeti-pravo-jezikovna-dostopnost-kot-temelj-enakopravnosti\/#breadcrumb","itemListElement":[{"@type":"ListItem","position":1,"name":"Home","item":"https:\/\/www.cjvt.si\/llm4dh\/"},{"@type":"ListItem","position":2,"name":"Interdisciplinarna konferenca Razumeti pravo: jezikovna dostopnost kot temelj enakopravnosti"}]},{"@type":"WebSite","@id":"https:\/\/www.cjvt.si\/llm4dh\/#website","url":"https:\/\/www.cjvt.si\/llm4dh\/","name":"LLM4DH","description":"Work site","potentialAction":[{"@type":"SearchAction","target":{"@type":"EntryPoint","urlTemplate":"https:\/\/www.cjvt.si\/llm4dh\/?s={search_term_string}"},"query-input":{"@type":"PropertyValueSpecification","valueRequired":true,"valueName":"search_term_string"}}],"inLanguage":"sl-SI"},{"@type":"Person","@id":"https:\/\/www.cjvt.si\/llm4dh\/#\/schema\/person\/4d451cdaaa7aa1b00f756029e4b54aa7","name":"saras","url":"https:\/\/www.cjvt.si\/llm4dh\/blog\/author\/saras\/"}]}},"_links":{"self":[{"href":"https:\/\/www.cjvt.si\/llm4dh\/wp-json\/wp\/v2\/posts\/1794","targetHints":{"allow":["GET"]}}],"collection":[{"href":"https:\/\/www.cjvt.si\/llm4dh\/wp-json\/wp\/v2\/posts"}],"about":[{"href":"https:\/\/www.cjvt.si\/llm4dh\/wp-json\/wp\/v2\/types\/post"}],"author":[{"embeddable":true,"href":"https:\/\/www.cjvt.si\/llm4dh\/wp-json\/wp\/v2\/users\/19"}],"replies":[{"embeddable":true,"href":"https:\/\/www.cjvt.si\/llm4dh\/wp-json\/wp\/v2\/comments?post=1794"}],"version-history":[{"count":2,"href":"https:\/\/www.cjvt.si\/llm4dh\/wp-json\/wp\/v2\/posts\/1794\/revisions"}],"predecessor-version":[{"id":2059,"href":"https:\/\/www.cjvt.si\/llm4dh\/wp-json\/wp\/v2\/posts\/1794\/revisions\/2059"}],"wp:featuredmedia":[{"embeddable":true,"href":"https:\/\/www.cjvt.si\/llm4dh\/wp-json\/wp\/v2\/media\/1797"}],"wp:attachment":[{"href":"https:\/\/www.cjvt.si\/llm4dh\/wp-json\/wp\/v2\/media?parent=1794"}],"wp:term":[{"taxonomy":"category","embeddable":true,"href":"https:\/\/www.cjvt.si\/llm4dh\/wp-json\/wp\/v2\/categories?post=1794"},{"taxonomy":"post_tag","embeddable":true,"href":"https:\/\/www.cjvt.si\/llm4dh\/wp-json\/wp\/v2\/tags?post=1794"}],"curies":[{"name":"wp","href":"https:\/\/api.w.org\/{rel}","templated":true}]}}