{"id":1891,"date":"2025-11-28T14:34:27","date_gmt":"2025-11-28T13:34:27","guid":{"rendered":"https:\/\/www.cjvt.si\/llm4dh\/?p=1891"},"modified":"2025-11-28T14:37:40","modified_gmt":"2025-11-28T13:37:40","slug":"vabljeni-predavanji-o-digitalnih-orodjih-za-slovenscino-v-srbiji","status":"publish","type":"post","link":"https:\/\/www.cjvt.si\/llm4dh\/blog\/vabljeni-predavanji-o-digitalnih-orodjih-za-slovenscino-v-srbiji\/","title":{"rendered":"Vabljeni predavanji o digitalnih orodjih za sloven\u0161\u010dino v Srbiji"},"content":{"rendered":"<p><span data-contrast=\"auto\">Raziskovalec Nejc Robida je v Beogradu izvedel vabljeni predavanji na Dru\u0161tvu Slovencev \u201cSava\u201d in na\u00a0Oddelku za\u00a0splo\u0161no jezikoslovje.\u00a0<\/span><span data-ccp-props=\"{&quot;335559739&quot;:0}\">\u00a0<\/span><\/p>\n<p><span data-ccp-props=\"{}\">\u00a0<\/span><span data-contrast=\"none\">V predavanju Digitalni svet sloven\u0161\u010dine je predstavil orodja za slovenski jezik, ki so nastala na Centru za jezikovne vire in tehnologije Univerze v Ljubljani. Udele\u017eence je seznanil s korpusoma\u00a0<a href=\"https:\/\/viri.cjvt.si\/gigafida\/\">Gigafida<\/a>\u00a0in <a href=\"https:\/\/viri.cjvt.si\/gos\/\">GOS<\/a> ter leksikonom\u00a0<a href=\"https:\/\/viri.cjvt.si\/sloleks\/slv\/\">Sloleks<\/a>. Korpus\u00a0Gigafida\u00a0vsebuje \u010dasopise, revije, dolo\u010dena spletna besedila, leposlovje, stvarno literaturo, \u0161olske u\u010dbenike in podobna besedila. Gos je referen\u010dni korpus govorjene sloven\u0161\u010dine. Obsega transkripcije okrog 320 ur posnetkov (po)govora v najrazli\u010dnej\u0161ih situacijah, ki smo jim izpostavljeni vsak dan: od radijskih in televizijskih oddaj prek \u0161olskih ur in predavanj do zasebnih pogovorov med prijatelji.\u00a0Sloleks\u00a0je leksikon besednih oblik za slovenski jezik. V strukturirani bazi podatkov vsebuje osnovne podatke o slovenskih besedah, predvsem v katero besedno vrsto spadajo in kak\u0161ne so njihove slovni\u010dne lastnosti.<\/span><span data-ccp-props=\"{&quot;335559739&quot;:0}\">\u00a0<\/span><\/p>\n<p><span data-contrast=\"none\">V drugem delu predavanja je sledila ponazoritev uporabe digitalnih orodij v praksi. Nejc Robida namre\u010d\u00a0v\u00a0doktorski raziskavi z ra\u010dunalni\u0161kimi metodami analizira govorne posnetke in odkriva jezikovne posebnosti. Prikazal je razvoj ra\u010dunalni\u0161kega modela za\u00a0prepoznavo naglasov\u00a0v\u00a0sloven\u0161\u010dini.\u00a0Ra\u010dunalni\u0161ki model predstavlja temelj za pridobivanje zanesljivih\u00a0prozodi\u010dnih\u00a0lastnosti govorjene\u00a0sloven\u0161\u010dine, ki bodo vklju\u010dene v Digitalno slovarsko bazo za sloven\u0161\u010dino.<\/span><span data-ccp-props=\"{&quot;335559739&quot;:0}\">\u00a0<\/span><\/p>\n","protected":false},"excerpt":{"rendered":"<p>Raziskovalec Nejc Robida je v Beogradu izvedel vabljeni predavanji na Dru\u0161tvu Slovencev \u201cSava\u201d in na Oddelku za splo\u0161no jezikoslovje.  <\/p>\n","protected":false},"author":22,"featured_media":1906,"comment_status":"closed","ping_status":"closed","sticky":false,"template":"","format":"standard","meta":{"_acf_changed":false,"_relevanssi_hide_post":"","_relevanssi_hide_content":"","_relevanssi_pin_for_all":"","_relevanssi_pin_keywords":"","_relevanssi_unpin_keywords":"","_relevanssi_related_keywords":"","_relevanssi_related_include_ids":"","_relevanssi_related_exclude_ids":"","_relevanssi_related_no_append":"","_relevanssi_related_not_related":"","_relevanssi_related_posts":"","_relevanssi_noindex_reason":"","inline_featured_image":false,"episode_type":"","audio_file":"","podmotor_file_id":"","podmotor_episode_id":"","cover_image":"","cover_image_id":"","duration":"","filesize":"","filesize_raw":"","date_recorded":"","explicit":"","block":"","itunes_episode_number":"","itunes_title":"","itunes_season_number":"","itunes_episode_type":"","footnotes":""},"categories":[5,82],"tags":[],"class_list":["post-1891","post","type-post","status-publish","format-standard","has-post-thumbnail","hentry","category-dogodki","category-novice"],"acf":[],"yoast_head":"<!-- This site is optimized with the Yoast SEO plugin v27.3 - https:\/\/yoast.com\/product\/yoast-seo-wordpress\/ -->\n<title>Vabljeni predavanji o digitalnih orodjih za sloven\u0161\u010dino v Srbiji - LLM4DH<\/title>\n<meta name=\"robots\" content=\"index, follow, max-snippet:-1, max-image-preview:large, max-video-preview:-1\" \/>\n<link rel=\"canonical\" href=\"https:\/\/www.cjvt.si\/llm4dh\/blog\/vabljeni-predavanji-o-digitalnih-orodjih-za-slovenscino-v-srbiji\/\" \/>\n<meta property=\"og:locale\" content=\"sl_SI\" \/>\n<meta property=\"og:type\" content=\"article\" \/>\n<meta property=\"og:title\" content=\"Vabljeni predavanji o digitalnih orodjih za sloven\u0161\u010dino v Srbiji - LLM4DH\" \/>\n<meta property=\"og:description\" content=\"Raziskovalec Nejc Robida je v Beogradu izvedel vabljeni predavanji na Dru\u0161tvu Slovencev \u201cSava\u201d in na Oddelku za splo\u0161no jezikoslovje.\" \/>\n<meta property=\"og:url\" content=\"https:\/\/www.cjvt.si\/llm4dh\/blog\/vabljeni-predavanji-o-digitalnih-orodjih-za-slovenscino-v-srbiji\/\" \/>\n<meta property=\"og:site_name\" content=\"LLM4DH\" \/>\n<meta property=\"article:published_time\" content=\"2025-11-28T13:34:27+00:00\" \/>\n<meta property=\"article:modified_time\" content=\"2025-11-28T13:37:40+00:00\" \/>\n<meta property=\"og:image\" content=\"https:\/\/www.cjvt.si\/llm4dh\/wp-content\/uploads\/sites\/32\/2025\/11\/Gos.png\" \/>\n\t<meta property=\"og:image:width\" content=\"1177\" \/>\n\t<meta property=\"og:image:height\" content=\"527\" \/>\n\t<meta property=\"og:image:type\" content=\"image\/png\" \/>\n<meta name=\"author\" content=\"tincal\" \/>\n<meta name=\"twitter:card\" content=\"summary_large_image\" \/>\n<meta name=\"twitter:label1\" content=\"Written by\" \/>\n\t<meta name=\"twitter:data1\" content=\"tincal\" \/>\n\t<meta name=\"twitter:label2\" content=\"Est. reading time\" \/>\n\t<meta name=\"twitter:data2\" content=\"2 minuti\" \/>\n<script type=\"application\/ld+json\" class=\"yoast-schema-graph\">{\"@context\":\"https:\\\/\\\/schema.org\",\"@graph\":[{\"@type\":\"Article\",\"@id\":\"https:\\\/\\\/www.cjvt.si\\\/llm4dh\\\/blog\\\/vabljeni-predavanji-o-digitalnih-orodjih-za-slovenscino-v-srbiji\\\/#article\",\"isPartOf\":{\"@id\":\"https:\\\/\\\/www.cjvt.si\\\/llm4dh\\\/blog\\\/vabljeni-predavanji-o-digitalnih-orodjih-za-slovenscino-v-srbiji\\\/\"},\"author\":{\"name\":\"tincal\",\"@id\":\"https:\\\/\\\/www.cjvt.si\\\/llm4dh\\\/#\\\/schema\\\/person\\\/da61f297d4841c394537824cf2f34c69\"},\"headline\":\"Vabljeni predavanji o digitalnih orodjih za sloven\u0161\u010dino v Srbiji\",\"datePublished\":\"2025-11-28T13:34:27+00:00\",\"dateModified\":\"2025-11-28T13:37:40+00:00\",\"mainEntityOfPage\":{\"@id\":\"https:\\\/\\\/www.cjvt.si\\\/llm4dh\\\/blog\\\/vabljeni-predavanji-o-digitalnih-orodjih-za-slovenscino-v-srbiji\\\/\"},\"wordCount\":228,\"image\":{\"@id\":\"https:\\\/\\\/www.cjvt.si\\\/llm4dh\\\/blog\\\/vabljeni-predavanji-o-digitalnih-orodjih-za-slovenscino-v-srbiji\\\/#primaryimage\"},\"thumbnailUrl\":\"https:\\\/\\\/www.cjvt.si\\\/llm4dh\\\/wp-content\\\/uploads\\\/sites\\\/32\\\/2025\\\/11\\\/Gos.png\",\"articleSection\":[\"Dogodki\",\"Novice\"],\"inLanguage\":\"sl-SI\"},{\"@type\":\"WebPage\",\"@id\":\"https:\\\/\\\/www.cjvt.si\\\/llm4dh\\\/blog\\\/vabljeni-predavanji-o-digitalnih-orodjih-za-slovenscino-v-srbiji\\\/\",\"url\":\"https:\\\/\\\/www.cjvt.si\\\/llm4dh\\\/blog\\\/vabljeni-predavanji-o-digitalnih-orodjih-za-slovenscino-v-srbiji\\\/\",\"name\":\"Vabljeni predavanji o digitalnih orodjih za sloven\u0161\u010dino v Srbiji - LLM4DH\",\"isPartOf\":{\"@id\":\"https:\\\/\\\/www.cjvt.si\\\/llm4dh\\\/#website\"},\"primaryImageOfPage\":{\"@id\":\"https:\\\/\\\/www.cjvt.si\\\/llm4dh\\\/blog\\\/vabljeni-predavanji-o-digitalnih-orodjih-za-slovenscino-v-srbiji\\\/#primaryimage\"},\"image\":{\"@id\":\"https:\\\/\\\/www.cjvt.si\\\/llm4dh\\\/blog\\\/vabljeni-predavanji-o-digitalnih-orodjih-za-slovenscino-v-srbiji\\\/#primaryimage\"},\"thumbnailUrl\":\"https:\\\/\\\/www.cjvt.si\\\/llm4dh\\\/wp-content\\\/uploads\\\/sites\\\/32\\\/2025\\\/11\\\/Gos.png\",\"datePublished\":\"2025-11-28T13:34:27+00:00\",\"dateModified\":\"2025-11-28T13:37:40+00:00\",\"author\":{\"@id\":\"https:\\\/\\\/www.cjvt.si\\\/llm4dh\\\/#\\\/schema\\\/person\\\/da61f297d4841c394537824cf2f34c69\"},\"breadcrumb\":{\"@id\":\"https:\\\/\\\/www.cjvt.si\\\/llm4dh\\\/blog\\\/vabljeni-predavanji-o-digitalnih-orodjih-za-slovenscino-v-srbiji\\\/#breadcrumb\"},\"inLanguage\":\"sl-SI\",\"potentialAction\":[{\"@type\":\"ReadAction\",\"target\":[\"https:\\\/\\\/www.cjvt.si\\\/llm4dh\\\/blog\\\/vabljeni-predavanji-o-digitalnih-orodjih-za-slovenscino-v-srbiji\\\/\"]}]},{\"@type\":\"ImageObject\",\"inLanguage\":\"sl-SI\",\"@id\":\"https:\\\/\\\/www.cjvt.si\\\/llm4dh\\\/blog\\\/vabljeni-predavanji-o-digitalnih-orodjih-za-slovenscino-v-srbiji\\\/#primaryimage\",\"url\":\"https:\\\/\\\/www.cjvt.si\\\/llm4dh\\\/wp-content\\\/uploads\\\/sites\\\/32\\\/2025\\\/11\\\/Gos.png\",\"contentUrl\":\"https:\\\/\\\/www.cjvt.si\\\/llm4dh\\\/wp-content\\\/uploads\\\/sites\\\/32\\\/2025\\\/11\\\/Gos.png\",\"width\":1177,\"height\":527},{\"@type\":\"BreadcrumbList\",\"@id\":\"https:\\\/\\\/www.cjvt.si\\\/llm4dh\\\/blog\\\/vabljeni-predavanji-o-digitalnih-orodjih-za-slovenscino-v-srbiji\\\/#breadcrumb\",\"itemListElement\":[{\"@type\":\"ListItem\",\"position\":1,\"name\":\"Home\",\"item\":\"https:\\\/\\\/www.cjvt.si\\\/llm4dh\\\/\"},{\"@type\":\"ListItem\",\"position\":2,\"name\":\"Vabljeni predavanji o digitalnih orodjih za sloven\u0161\u010dino v Srbiji\"}]},{\"@type\":\"WebSite\",\"@id\":\"https:\\\/\\\/www.cjvt.si\\\/llm4dh\\\/#website\",\"url\":\"https:\\\/\\\/www.cjvt.si\\\/llm4dh\\\/\",\"name\":\"LLM4DH\",\"description\":\"Work site\",\"potentialAction\":[{\"@type\":\"SearchAction\",\"target\":{\"@type\":\"EntryPoint\",\"urlTemplate\":\"https:\\\/\\\/www.cjvt.si\\\/llm4dh\\\/?s={search_term_string}\"},\"query-input\":{\"@type\":\"PropertyValueSpecification\",\"valueRequired\":true,\"valueName\":\"search_term_string\"}}],\"inLanguage\":\"sl-SI\"},{\"@type\":\"Person\",\"@id\":\"https:\\\/\\\/www.cjvt.si\\\/llm4dh\\\/#\\\/schema\\\/person\\\/da61f297d4841c394537824cf2f34c69\",\"name\":\"tincal\",\"url\":\"https:\\\/\\\/www.cjvt.si\\\/llm4dh\\\/blog\\\/author\\\/tincal\\\/\"}]}<\/script>\n<!-- \/ Yoast SEO plugin. -->","yoast_head_json":{"title":"Vabljeni predavanji o digitalnih orodjih za sloven\u0161\u010dino v Srbiji - LLM4DH","robots":{"index":"index","follow":"follow","max-snippet":"max-snippet:-1","max-image-preview":"max-image-preview:large","max-video-preview":"max-video-preview:-1"},"canonical":"https:\/\/www.cjvt.si\/llm4dh\/blog\/vabljeni-predavanji-o-digitalnih-orodjih-za-slovenscino-v-srbiji\/","og_locale":"sl_SI","og_type":"article","og_title":"Vabljeni predavanji o digitalnih orodjih za sloven\u0161\u010dino v Srbiji - LLM4DH","og_description":"Raziskovalec Nejc Robida je v Beogradu izvedel vabljeni predavanji na Dru\u0161tvu Slovencev \u201cSava\u201d in na Oddelku za splo\u0161no jezikoslovje.","og_url":"https:\/\/www.cjvt.si\/llm4dh\/blog\/vabljeni-predavanji-o-digitalnih-orodjih-za-slovenscino-v-srbiji\/","og_site_name":"LLM4DH","article_published_time":"2025-11-28T13:34:27+00:00","article_modified_time":"2025-11-28T13:37:40+00:00","og_image":[{"width":1177,"height":527,"url":"https:\/\/www.cjvt.si\/llm4dh\/wp-content\/uploads\/sites\/32\/2025\/11\/Gos.png","type":"image\/png"}],"author":"tincal","twitter_card":"summary_large_image","twitter_misc":{"Written by":"tincal","Est. reading time":"2 minuti"},"schema":{"@context":"https:\/\/schema.org","@graph":[{"@type":"Article","@id":"https:\/\/www.cjvt.si\/llm4dh\/blog\/vabljeni-predavanji-o-digitalnih-orodjih-za-slovenscino-v-srbiji\/#article","isPartOf":{"@id":"https:\/\/www.cjvt.si\/llm4dh\/blog\/vabljeni-predavanji-o-digitalnih-orodjih-za-slovenscino-v-srbiji\/"},"author":{"name":"tincal","@id":"https:\/\/www.cjvt.si\/llm4dh\/#\/schema\/person\/da61f297d4841c394537824cf2f34c69"},"headline":"Vabljeni predavanji o digitalnih orodjih za sloven\u0161\u010dino v Srbiji","datePublished":"2025-11-28T13:34:27+00:00","dateModified":"2025-11-28T13:37:40+00:00","mainEntityOfPage":{"@id":"https:\/\/www.cjvt.si\/llm4dh\/blog\/vabljeni-predavanji-o-digitalnih-orodjih-za-slovenscino-v-srbiji\/"},"wordCount":228,"image":{"@id":"https:\/\/www.cjvt.si\/llm4dh\/blog\/vabljeni-predavanji-o-digitalnih-orodjih-za-slovenscino-v-srbiji\/#primaryimage"},"thumbnailUrl":"https:\/\/www.cjvt.si\/llm4dh\/wp-content\/uploads\/sites\/32\/2025\/11\/Gos.png","articleSection":["Dogodki","Novice"],"inLanguage":"sl-SI"},{"@type":"WebPage","@id":"https:\/\/www.cjvt.si\/llm4dh\/blog\/vabljeni-predavanji-o-digitalnih-orodjih-za-slovenscino-v-srbiji\/","url":"https:\/\/www.cjvt.si\/llm4dh\/blog\/vabljeni-predavanji-o-digitalnih-orodjih-za-slovenscino-v-srbiji\/","name":"Vabljeni predavanji o digitalnih orodjih za sloven\u0161\u010dino v Srbiji - LLM4DH","isPartOf":{"@id":"https:\/\/www.cjvt.si\/llm4dh\/#website"},"primaryImageOfPage":{"@id":"https:\/\/www.cjvt.si\/llm4dh\/blog\/vabljeni-predavanji-o-digitalnih-orodjih-za-slovenscino-v-srbiji\/#primaryimage"},"image":{"@id":"https:\/\/www.cjvt.si\/llm4dh\/blog\/vabljeni-predavanji-o-digitalnih-orodjih-za-slovenscino-v-srbiji\/#primaryimage"},"thumbnailUrl":"https:\/\/www.cjvt.si\/llm4dh\/wp-content\/uploads\/sites\/32\/2025\/11\/Gos.png","datePublished":"2025-11-28T13:34:27+00:00","dateModified":"2025-11-28T13:37:40+00:00","author":{"@id":"https:\/\/www.cjvt.si\/llm4dh\/#\/schema\/person\/da61f297d4841c394537824cf2f34c69"},"breadcrumb":{"@id":"https:\/\/www.cjvt.si\/llm4dh\/blog\/vabljeni-predavanji-o-digitalnih-orodjih-za-slovenscino-v-srbiji\/#breadcrumb"},"inLanguage":"sl-SI","potentialAction":[{"@type":"ReadAction","target":["https:\/\/www.cjvt.si\/llm4dh\/blog\/vabljeni-predavanji-o-digitalnih-orodjih-za-slovenscino-v-srbiji\/"]}]},{"@type":"ImageObject","inLanguage":"sl-SI","@id":"https:\/\/www.cjvt.si\/llm4dh\/blog\/vabljeni-predavanji-o-digitalnih-orodjih-za-slovenscino-v-srbiji\/#primaryimage","url":"https:\/\/www.cjvt.si\/llm4dh\/wp-content\/uploads\/sites\/32\/2025\/11\/Gos.png","contentUrl":"https:\/\/www.cjvt.si\/llm4dh\/wp-content\/uploads\/sites\/32\/2025\/11\/Gos.png","width":1177,"height":527},{"@type":"BreadcrumbList","@id":"https:\/\/www.cjvt.si\/llm4dh\/blog\/vabljeni-predavanji-o-digitalnih-orodjih-za-slovenscino-v-srbiji\/#breadcrumb","itemListElement":[{"@type":"ListItem","position":1,"name":"Home","item":"https:\/\/www.cjvt.si\/llm4dh\/"},{"@type":"ListItem","position":2,"name":"Vabljeni predavanji o digitalnih orodjih za sloven\u0161\u010dino v Srbiji"}]},{"@type":"WebSite","@id":"https:\/\/www.cjvt.si\/llm4dh\/#website","url":"https:\/\/www.cjvt.si\/llm4dh\/","name":"LLM4DH","description":"Work site","potentialAction":[{"@type":"SearchAction","target":{"@type":"EntryPoint","urlTemplate":"https:\/\/www.cjvt.si\/llm4dh\/?s={search_term_string}"},"query-input":{"@type":"PropertyValueSpecification","valueRequired":true,"valueName":"search_term_string"}}],"inLanguage":"sl-SI"},{"@type":"Person","@id":"https:\/\/www.cjvt.si\/llm4dh\/#\/schema\/person\/da61f297d4841c394537824cf2f34c69","name":"tincal","url":"https:\/\/www.cjvt.si\/llm4dh\/blog\/author\/tincal\/"}]}},"_links":{"self":[{"href":"https:\/\/www.cjvt.si\/llm4dh\/wp-json\/wp\/v2\/posts\/1891","targetHints":{"allow":["GET"]}}],"collection":[{"href":"https:\/\/www.cjvt.si\/llm4dh\/wp-json\/wp\/v2\/posts"}],"about":[{"href":"https:\/\/www.cjvt.si\/llm4dh\/wp-json\/wp\/v2\/types\/post"}],"author":[{"embeddable":true,"href":"https:\/\/www.cjvt.si\/llm4dh\/wp-json\/wp\/v2\/users\/22"}],"replies":[{"embeddable":true,"href":"https:\/\/www.cjvt.si\/llm4dh\/wp-json\/wp\/v2\/comments?post=1891"}],"version-history":[{"count":3,"href":"https:\/\/www.cjvt.si\/llm4dh\/wp-json\/wp\/v2\/posts\/1891\/revisions"}],"predecessor-version":[{"id":1905,"href":"https:\/\/www.cjvt.si\/llm4dh\/wp-json\/wp\/v2\/posts\/1891\/revisions\/1905"}],"wp:featuredmedia":[{"embeddable":true,"href":"https:\/\/www.cjvt.si\/llm4dh\/wp-json\/wp\/v2\/media\/1906"}],"wp:attachment":[{"href":"https:\/\/www.cjvt.si\/llm4dh\/wp-json\/wp\/v2\/media?parent=1891"}],"wp:term":[{"taxonomy":"category","embeddable":true,"href":"https:\/\/www.cjvt.si\/llm4dh\/wp-json\/wp\/v2\/categories?post=1891"},{"taxonomy":"post_tag","embeddable":true,"href":"https:\/\/www.cjvt.si\/llm4dh\/wp-json\/wp\/v2\/tags?post=1891"}],"curies":[{"name":"wp","href":"https:\/\/api.w.org\/{rel}","templated":true}]}}